{"id":2439,"date":"2023-09-25T10:46:33","date_gmt":"2023-09-25T08:46:33","guid":{"rendered":"https:\/\/www.tva-international.it\/news\/dolezite-spravy-o-vrateni-francuzskej-spotrebnej-dane-za-2-stvrtrok-2023\/"},"modified":"2023-09-26T23:30:15","modified_gmt":"2023-09-26T21:30:15","slug":"dolezite-spravy-o-vrateni-francuzskej-spotrebnej-dane-za-2-stvrtrok-2023","status":"publish","type":"post","link":"https:\/\/www.tva-international.it\/sk\/news\/dolezite-spravy-o-vrateni-francuzskej-spotrebnej-dane-za-2-stvrtrok-2023\/","title":{"rendered":"D\u00f4le\u017eit\u00e9 spr\u00e1vy o vr\u00e1ten\u00ed franc\u00fazskej spotrebnej dane za 2. \u0161tvr\u0165rok 2023"},"content":{"rendered":"&#13;\n<p>Na z\u00e1klade nov\u00fdch ustanoven\u00ed prijat\u00fdch od franc\u00fazskych org\u00e1nov 18. septembra 2023 pre v\u0161etky \u017eiadosti o vr\u00e1tenie dane t\u00fdkaj\u00face sa <strong>obdobia po 1. janu\u00e1ri 2022<\/strong>,  <strong>u\u017e nie je potrebn\u00e9 ma\u0165 l\u00edzingov\u00fa alebo podn\u00e1jomn\u00fa zmluvu s minim\u00e1lnou dobou trvania dva roky<\/strong> Na to, aby ste mohli poda\u0165 \u017eiados\u0165 o vr\u00e1tenie pe\u0148az\u00ed, sta\u010d\u00ed, ak lehota na vr\u00e1tenie pe\u0148az\u00ed uplynula.<br\/>Je mo\u017en\u00e9 poda\u0165 \u017eiados\u0165 o mesa\u010dn\u00e9 vr\u00e1tenie <strong>franc\u00fazskej<\/strong> spotrebnej dane (vymeriava sa pri vysok\u00fdch mno\u017estv\u00e1ch cca 70 000 \u2013 80 000 litrov mesa\u010dne). Pre viac inform\u00e1ci\u00ed o cene tejto slu\u017eby m\u00f4\u017eete kontaktova\u0165 na\u0161u kancel\u00e1riu.<\/p>&#13;\n","protected":false},"excerpt":{"rendered":"<p>&#13; Na z\u00e1klade nov\u00fdch ustanoven\u00ed prijat\u00fdch od franc\u00fazskych org\u00e1nov 18. septembra 2023 pre v\u0161etky \u017eiadosti o vr\u00e1tenie dane t\u00fdkaj\u00face sa obdobia po 1. janu\u00e1ri 2022, u\u017e nie je potrebn\u00e9 ma\u0165 l\u00edzingov\u00fa alebo podn\u00e1jomn\u00fa zmluvu s minim\u00e1lnou dobou trvania dva roky Na to, aby ste mohli poda\u0165 \u017eiados\u0165 o vr\u00e1tenie pe\u0148az\u00ed, sta\u010d\u00ed, ak lehota na vr\u00e1tenie &hellip; <a href=\"https:\/\/www.tva-international.it\/sk\/news\/dolezite-spravy-o-vrateni-francuzskej-spotrebnej-dane-za-2-stvrtrok-2023\/\">Continued<\/a><\/p>\n","protected":false},"author":5,"featured_media":2094,"comment_status":"closed","ping_status":"closed","sticky":false,"template":"","format":"standard","meta":{"_acf_changed":false,"footnotes":""},"categories":[43],"tags":[],"class_list":["post-2439","post","type-post","status-publish","format-standard","has-post-thumbnail","hentry","category-spravy-tva"],"acf":[],"yoast_head":"<!-- This site is optimized with the Yoast SEO plugin v26.0 - https:\/\/yoast.com\/wordpress\/plugins\/seo\/ -->\n<title>D\u00f4le\u017eit\u00e9 spr\u00e1vy o vr\u00e1ten\u00ed franc\u00fazskej spotrebnej dane za 2. \u0161tvr\u0165rok 2023 - TVA International<\/title>\n<meta name=\"robots\" content=\"index, follow, max-snippet:-1, max-image-preview:large, max-video-preview:-1\" \/>\n<link rel=\"canonical\" href=\"https:\/\/www.tva-international.it\/sk\/news\/dolezite-spravy-o-vrateni-francuzskej-spotrebnej-dane-za-2-stvrtrok-2023\/\" \/>\n<meta property=\"og:locale\" content=\"sk_SK\" \/>\n<meta property=\"og:type\" content=\"article\" \/>\n<meta property=\"og:title\" content=\"D\u00f4le\u017eit\u00e9 spr\u00e1vy o vr\u00e1ten\u00ed franc\u00fazskej spotrebnej dane za 2. \u0161tvr\u0165rok 2023 - TVA International\" \/>\n<meta property=\"og:description\" content=\"&#013; Na z\u00e1klade nov\u00fdch ustanoven\u00ed prijat\u00fdch od franc\u00fazskych org\u00e1nov 18. septembra 2023 pre v\u0161etky \u017eiadosti o vr\u00e1tenie dane t\u00fdkaj\u00face sa obdobia po 1. janu\u00e1ri 2022, u\u017e nie je potrebn\u00e9 ma\u0165 l\u00edzingov\u00fa alebo podn\u00e1jomn\u00fa zmluvu s minim\u00e1lnou dobou trvania dva roky Na to, aby ste mohli poda\u0165 \u017eiados\u0165 o vr\u00e1tenie pe\u0148az\u00ed, sta\u010d\u00ed, ak lehota na vr\u00e1tenie &hellip; Continued\" \/>\n<meta property=\"og:url\" content=\"https:\/\/www.tva-international.it\/sk\/news\/dolezite-spravy-o-vrateni-francuzskej-spotrebnej-dane-za-2-stvrtrok-2023\/\" \/>\n<meta property=\"og:site_name\" content=\"TVA International\" \/>\n<meta property=\"article:published_time\" content=\"2023-09-25T08:46:33+00:00\" \/>\n<meta property=\"article:modified_time\" content=\"2023-09-26T21:30:15+00:00\" \/>\n<meta property=\"og:image\" content=\"https:\/\/www.tva-international.it\/app\/uploads\/2023\/09\/110306CHAM060-kNNE-U1027977008296bD-860x420@lafranceagricole.fr-1000x562-1.jpg\" \/>\n\t<meta property=\"og:image:width\" content=\"1000\" \/>\n\t<meta property=\"og:image:height\" content=\"562\" \/>\n\t<meta property=\"og:image:type\" content=\"image\/jpeg\" \/>\n<meta name=\"author\" content=\"info@tva-international.it\" \/>\n<meta name=\"twitter:card\" content=\"summary_large_image\" \/>\n<meta name=\"twitter:label1\" content=\"Autor\" \/>\n\t<meta name=\"twitter:data1\" content=\"info@tva-international.it\" \/>\n\t<meta name=\"twitter:label2\" content=\"Predpokladan\u00fd \u010das \u010d\u00edtania\" \/>\n\t<meta name=\"twitter:data2\" content=\"1 min\u00fata\" \/>\n<script type=\"application\/ld+json\" class=\"yoast-schema-graph\">{\"@context\":\"https:\/\/schema.org\",\"@graph\":[{\"@type\":\"Article\",\"@id\":\"https:\/\/www.tva-international.it\/sk\/news\/dolezite-spravy-o-vrateni-francuzskej-spotrebnej-dane-za-2-stvrtrok-2023\/#article\",\"isPartOf\":{\"@id\":\"https:\/\/www.tva-international.it\/sk\/news\/dolezite-spravy-o-vrateni-francuzskej-spotrebnej-dane-za-2-stvrtrok-2023\/\"},\"author\":{\"name\":\"info@tva-international.it\",\"@id\":\"https:\/\/www.tva-international.it\/sk\/#\/schema\/person\/0c9391963b0512bd6418bd67c6c56baa\"},\"headline\":\"D\u00f4le\u017eit\u00e9 spr\u00e1vy o vr\u00e1ten\u00ed franc\u00fazskej spotrebnej dane za 2. \u0161tvr\u0165rok 2023\",\"datePublished\":\"2023-09-25T08:46:33+00:00\",\"dateModified\":\"2023-09-26T21:30:15+00:00\",\"mainEntityOfPage\":{\"@id\":\"https:\/\/www.tva-international.it\/sk\/news\/dolezite-spravy-o-vrateni-francuzskej-spotrebnej-dane-za-2-stvrtrok-2023\/\"},\"wordCount\":126,\"publisher\":{\"@id\":\"https:\/\/www.tva-international.it\/sk\/#organization\"},\"image\":{\"@id\":\"https:\/\/www.tva-international.it\/sk\/news\/dolezite-spravy-o-vrateni-francuzskej-spotrebnej-dane-za-2-stvrtrok-2023\/#primaryimage\"},\"thumbnailUrl\":\"https:\/\/www.tva-international.it\/app\/uploads\/2023\/09\/110306CHAM060-kNNE-U1027977008296bD-860x420@lafranceagricole.fr-1000x562-1.jpg\",\"articleSection\":[\"Spr\u00e1vy TVA\"],\"inLanguage\":\"sk-SK\"},{\"@type\":\"WebPage\",\"@id\":\"https:\/\/www.tva-international.it\/sk\/news\/dolezite-spravy-o-vrateni-francuzskej-spotrebnej-dane-za-2-stvrtrok-2023\/\",\"url\":\"https:\/\/www.tva-international.it\/sk\/news\/dolezite-spravy-o-vrateni-francuzskej-spotrebnej-dane-za-2-stvrtrok-2023\/\",\"name\":\"D\u00f4le\u017eit\u00e9 spr\u00e1vy o vr\u00e1ten\u00ed franc\u00fazskej spotrebnej dane za 2. \u0161tvr\u0165rok 2023 - TVA International\",\"isPartOf\":{\"@id\":\"https:\/\/www.tva-international.it\/sk\/#website\"},\"primaryImageOfPage\":{\"@id\":\"https:\/\/www.tva-international.it\/sk\/news\/dolezite-spravy-o-vrateni-francuzskej-spotrebnej-dane-za-2-stvrtrok-2023\/#primaryimage\"},\"image\":{\"@id\":\"https:\/\/www.tva-international.it\/sk\/news\/dolezite-spravy-o-vrateni-francuzskej-spotrebnej-dane-za-2-stvrtrok-2023\/#primaryimage\"},\"thumbnailUrl\":\"https:\/\/www.tva-international.it\/app\/uploads\/2023\/09\/110306CHAM060-kNNE-U1027977008296bD-860x420@lafranceagricole.fr-1000x562-1.jpg\",\"datePublished\":\"2023-09-25T08:46:33+00:00\",\"dateModified\":\"2023-09-26T21:30:15+00:00\",\"breadcrumb\":{\"@id\":\"https:\/\/www.tva-international.it\/sk\/news\/dolezite-spravy-o-vrateni-francuzskej-spotrebnej-dane-za-2-stvrtrok-2023\/#breadcrumb\"},\"inLanguage\":\"sk-SK\",\"potentialAction\":[{\"@type\":\"ReadAction\",\"target\":[\"https:\/\/www.tva-international.it\/sk\/news\/dolezite-spravy-o-vrateni-francuzskej-spotrebnej-dane-za-2-stvrtrok-2023\/\"]}]},{\"@type\":\"ImageObject\",\"inLanguage\":\"sk-SK\",\"@id\":\"https:\/\/www.tva-international.it\/sk\/news\/dolezite-spravy-o-vrateni-francuzskej-spotrebnej-dane-za-2-stvrtrok-2023\/#primaryimage\",\"url\":\"https:\/\/www.tva-international.it\/app\/uploads\/2023\/09\/110306CHAM060-kNNE-U1027977008296bD-860x420@lafranceagricole.fr-1000x562-1.jpg\",\"contentUrl\":\"https:\/\/www.tva-international.it\/app\/uploads\/2023\/09\/110306CHAM060-kNNE-U1027977008296bD-860x420@lafranceagricole.fr-1000x562-1.jpg\",\"width\":1000,\"height\":562},{\"@type\":\"BreadcrumbList\",\"@id\":\"https:\/\/www.tva-international.it\/sk\/news\/dolezite-spravy-o-vrateni-francuzskej-spotrebnej-dane-za-2-stvrtrok-2023\/#breadcrumb\",\"itemListElement\":[{\"@type\":\"ListItem\",\"position\":1,\"name\":\"Home\",\"item\":\"https:\/\/www.tva-international.it\/sk\/home\/\"},{\"@type\":\"ListItem\",\"position\":2,\"name\":\"D\u00f4le\u017eit\u00e9 spr\u00e1vy o vr\u00e1ten\u00ed franc\u00fazskej spotrebnej dane za 2. \u0161tvr\u0165rok 2023\"}]},{\"@type\":\"WebSite\",\"@id\":\"https:\/\/www.tva-international.it\/sk\/#website\",\"url\":\"https:\/\/www.tva-international.it\/sk\/\",\"name\":\"TVA International\",\"description\":\"Gestione delle pratiche e degli adempimenti necessari per il recupero dell\u2019IVA e delle ACCISE\",\"publisher\":{\"@id\":\"https:\/\/www.tva-international.it\/sk\/#organization\"},\"alternateName\":\"TVA\",\"potentialAction\":[{\"@type\":\"SearchAction\",\"target\":{\"@type\":\"EntryPoint\",\"urlTemplate\":\"https:\/\/www.tva-international.it\/sk\/?s={search_term_string}\"},\"query-input\":{\"@type\":\"PropertyValueSpecification\",\"valueRequired\":true,\"valueName\":\"search_term_string\"}}],\"inLanguage\":\"sk-SK\"},{\"@type\":\"Organization\",\"@id\":\"https:\/\/www.tva-international.it\/sk\/#organization\",\"name\":\"TVA International\",\"alternateName\":\"TVA\",\"url\":\"https:\/\/www.tva-international.it\/sk\/\",\"logo\":{\"@type\":\"ImageObject\",\"inLanguage\":\"sk-SK\",\"@id\":\"https:\/\/www.tva-international.it\/sk\/#\/schema\/logo\/image\/\",\"url\":\"https:\/\/www.tva-international.it\/app\/uploads\/2023\/09\/tva-696x696-1.jpg\",\"contentUrl\":\"https:\/\/www.tva-international.it\/app\/uploads\/2023\/09\/tva-696x696-1.jpg\",\"width\":696,\"height\":696,\"caption\":\"TVA International\"},\"image\":{\"@id\":\"https:\/\/www.tva-international.it\/sk\/#\/schema\/logo\/image\/\"}},{\"@type\":\"Person\",\"@id\":\"https:\/\/www.tva-international.it\/sk\/#\/schema\/person\/0c9391963b0512bd6418bd67c6c56baa\",\"name\":\"info@tva-international.it\",\"image\":{\"@type\":\"ImageObject\",\"inLanguage\":\"sk-SK\",\"@id\":\"https:\/\/www.tva-international.it\/sk\/#\/schema\/person\/image\/\",\"url\":\"https:\/\/secure.gravatar.com\/avatar\/a90f73b58b0607af614fb83324944e293fb8f20fc912b68e53aaa1a2fe83d01f?s=96&d=mm&r=g\",\"contentUrl\":\"https:\/\/secure.gravatar.com\/avatar\/a90f73b58b0607af614fb83324944e293fb8f20fc912b68e53aaa1a2fe83d01f?s=96&d=mm&r=g\",\"caption\":\"info@tva-international.it\"}}]}<\/script>\n<!-- \/ Yoast SEO plugin. -->","yoast_head_json":{"title":"D\u00f4le\u017eit\u00e9 spr\u00e1vy o vr\u00e1ten\u00ed franc\u00fazskej spotrebnej dane za 2. \u0161tvr\u0165rok 2023 - TVA International","robots":{"index":"index","follow":"follow","max-snippet":"max-snippet:-1","max-image-preview":"max-image-preview:large","max-video-preview":"max-video-preview:-1"},"canonical":"https:\/\/www.tva-international.it\/sk\/news\/dolezite-spravy-o-vrateni-francuzskej-spotrebnej-dane-za-2-stvrtrok-2023\/","og_locale":"sk_SK","og_type":"article","og_title":"D\u00f4le\u017eit\u00e9 spr\u00e1vy o vr\u00e1ten\u00ed franc\u00fazskej spotrebnej dane za 2. \u0161tvr\u0165rok 2023 - TVA International","og_description":"&#13; Na z\u00e1klade nov\u00fdch ustanoven\u00ed prijat\u00fdch od franc\u00fazskych org\u00e1nov 18. septembra 2023 pre v\u0161etky \u017eiadosti o vr\u00e1tenie dane t\u00fdkaj\u00face sa obdobia po 1. janu\u00e1ri 2022, u\u017e nie je potrebn\u00e9 ma\u0165 l\u00edzingov\u00fa alebo podn\u00e1jomn\u00fa zmluvu s minim\u00e1lnou dobou trvania dva roky Na to, aby ste mohli poda\u0165 \u017eiados\u0165 o vr\u00e1tenie pe\u0148az\u00ed, sta\u010d\u00ed, ak lehota na vr\u00e1tenie &hellip; Continued","og_url":"https:\/\/www.tva-international.it\/sk\/news\/dolezite-spravy-o-vrateni-francuzskej-spotrebnej-dane-za-2-stvrtrok-2023\/","og_site_name":"TVA International","article_published_time":"2023-09-25T08:46:33+00:00","article_modified_time":"2023-09-26T21:30:15+00:00","og_image":[{"width":1000,"height":562,"url":"https:\/\/www.tva-international.it\/app\/uploads\/2023\/09\/110306CHAM060-kNNE-U1027977008296bD-860x420@lafranceagricole.fr-1000x562-1.jpg","type":"image\/jpeg"}],"author":"info@tva-international.it","twitter_card":"summary_large_image","twitter_misc":{"Autor":"info@tva-international.it","Predpokladan\u00fd \u010das \u010d\u00edtania":"1 min\u00fata"},"schema":{"@context":"https:\/\/schema.org","@graph":[{"@type":"Article","@id":"https:\/\/www.tva-international.it\/sk\/news\/dolezite-spravy-o-vrateni-francuzskej-spotrebnej-dane-za-2-stvrtrok-2023\/#article","isPartOf":{"@id":"https:\/\/www.tva-international.it\/sk\/news\/dolezite-spravy-o-vrateni-francuzskej-spotrebnej-dane-za-2-stvrtrok-2023\/"},"author":{"name":"info@tva-international.it","@id":"https:\/\/www.tva-international.it\/sk\/#\/schema\/person\/0c9391963b0512bd6418bd67c6c56baa"},"headline":"D\u00f4le\u017eit\u00e9 spr\u00e1vy o vr\u00e1ten\u00ed franc\u00fazskej spotrebnej dane za 2. \u0161tvr\u0165rok 2023","datePublished":"2023-09-25T08:46:33+00:00","dateModified":"2023-09-26T21:30:15+00:00","mainEntityOfPage":{"@id":"https:\/\/www.tva-international.it\/sk\/news\/dolezite-spravy-o-vrateni-francuzskej-spotrebnej-dane-za-2-stvrtrok-2023\/"},"wordCount":126,"publisher":{"@id":"https:\/\/www.tva-international.it\/sk\/#organization"},"image":{"@id":"https:\/\/www.tva-international.it\/sk\/news\/dolezite-spravy-o-vrateni-francuzskej-spotrebnej-dane-za-2-stvrtrok-2023\/#primaryimage"},"thumbnailUrl":"https:\/\/www.tva-international.it\/app\/uploads\/2023\/09\/110306CHAM060-kNNE-U1027977008296bD-860x420@lafranceagricole.fr-1000x562-1.jpg","articleSection":["Spr\u00e1vy TVA"],"inLanguage":"sk-SK"},{"@type":"WebPage","@id":"https:\/\/www.tva-international.it\/sk\/news\/dolezite-spravy-o-vrateni-francuzskej-spotrebnej-dane-za-2-stvrtrok-2023\/","url":"https:\/\/www.tva-international.it\/sk\/news\/dolezite-spravy-o-vrateni-francuzskej-spotrebnej-dane-za-2-stvrtrok-2023\/","name":"D\u00f4le\u017eit\u00e9 spr\u00e1vy o vr\u00e1ten\u00ed franc\u00fazskej spotrebnej dane za 2. \u0161tvr\u0165rok 2023 - TVA International","isPartOf":{"@id":"https:\/\/www.tva-international.it\/sk\/#website"},"primaryImageOfPage":{"@id":"https:\/\/www.tva-international.it\/sk\/news\/dolezite-spravy-o-vrateni-francuzskej-spotrebnej-dane-za-2-stvrtrok-2023\/#primaryimage"},"image":{"@id":"https:\/\/www.tva-international.it\/sk\/news\/dolezite-spravy-o-vrateni-francuzskej-spotrebnej-dane-za-2-stvrtrok-2023\/#primaryimage"},"thumbnailUrl":"https:\/\/www.tva-international.it\/app\/uploads\/2023\/09\/110306CHAM060-kNNE-U1027977008296bD-860x420@lafranceagricole.fr-1000x562-1.jpg","datePublished":"2023-09-25T08:46:33+00:00","dateModified":"2023-09-26T21:30:15+00:00","breadcrumb":{"@id":"https:\/\/www.tva-international.it\/sk\/news\/dolezite-spravy-o-vrateni-francuzskej-spotrebnej-dane-za-2-stvrtrok-2023\/#breadcrumb"},"inLanguage":"sk-SK","potentialAction":[{"@type":"ReadAction","target":["https:\/\/www.tva-international.it\/sk\/news\/dolezite-spravy-o-vrateni-francuzskej-spotrebnej-dane-za-2-stvrtrok-2023\/"]}]},{"@type":"ImageObject","inLanguage":"sk-SK","@id":"https:\/\/www.tva-international.it\/sk\/news\/dolezite-spravy-o-vrateni-francuzskej-spotrebnej-dane-za-2-stvrtrok-2023\/#primaryimage","url":"https:\/\/www.tva-international.it\/app\/uploads\/2023\/09\/110306CHAM060-kNNE-U1027977008296bD-860x420@lafranceagricole.fr-1000x562-1.jpg","contentUrl":"https:\/\/www.tva-international.it\/app\/uploads\/2023\/09\/110306CHAM060-kNNE-U1027977008296bD-860x420@lafranceagricole.fr-1000x562-1.jpg","width":1000,"height":562},{"@type":"BreadcrumbList","@id":"https:\/\/www.tva-international.it\/sk\/news\/dolezite-spravy-o-vrateni-francuzskej-spotrebnej-dane-za-2-stvrtrok-2023\/#breadcrumb","itemListElement":[{"@type":"ListItem","position":1,"name":"Home","item":"https:\/\/www.tva-international.it\/sk\/home\/"},{"@type":"ListItem","position":2,"name":"D\u00f4le\u017eit\u00e9 spr\u00e1vy o vr\u00e1ten\u00ed franc\u00fazskej spotrebnej dane za 2. \u0161tvr\u0165rok 2023"}]},{"@type":"WebSite","@id":"https:\/\/www.tva-international.it\/sk\/#website","url":"https:\/\/www.tva-international.it\/sk\/","name":"TVA International","description":"Gestione delle pratiche e degli adempimenti necessari per il recupero dell\u2019IVA e delle ACCISE","publisher":{"@id":"https:\/\/www.tva-international.it\/sk\/#organization"},"alternateName":"TVA","potentialAction":[{"@type":"SearchAction","target":{"@type":"EntryPoint","urlTemplate":"https:\/\/www.tva-international.it\/sk\/?s={search_term_string}"},"query-input":{"@type":"PropertyValueSpecification","valueRequired":true,"valueName":"search_term_string"}}],"inLanguage":"sk-SK"},{"@type":"Organization","@id":"https:\/\/www.tva-international.it\/sk\/#organization","name":"TVA International","alternateName":"TVA","url":"https:\/\/www.tva-international.it\/sk\/","logo":{"@type":"ImageObject","inLanguage":"sk-SK","@id":"https:\/\/www.tva-international.it\/sk\/#\/schema\/logo\/image\/","url":"https:\/\/www.tva-international.it\/app\/uploads\/2023\/09\/tva-696x696-1.jpg","contentUrl":"https:\/\/www.tva-international.it\/app\/uploads\/2023\/09\/tva-696x696-1.jpg","width":696,"height":696,"caption":"TVA International"},"image":{"@id":"https:\/\/www.tva-international.it\/sk\/#\/schema\/logo\/image\/"}},{"@type":"Person","@id":"https:\/\/www.tva-international.it\/sk\/#\/schema\/person\/0c9391963b0512bd6418bd67c6c56baa","name":"info@tva-international.it","image":{"@type":"ImageObject","inLanguage":"sk-SK","@id":"https:\/\/www.tva-international.it\/sk\/#\/schema\/person\/image\/","url":"https:\/\/secure.gravatar.com\/avatar\/a90f73b58b0607af614fb83324944e293fb8f20fc912b68e53aaa1a2fe83d01f?s=96&d=mm&r=g","contentUrl":"https:\/\/secure.gravatar.com\/avatar\/a90f73b58b0607af614fb83324944e293fb8f20fc912b68e53aaa1a2fe83d01f?s=96&d=mm&r=g","caption":"info@tva-international.it"}}]}},"_links":{"self":[{"href":"https:\/\/www.tva-international.it\/sk\/wp-json\/wp\/v2\/posts\/2439","targetHints":{"allow":["GET"]}}],"collection":[{"href":"https:\/\/www.tva-international.it\/sk\/wp-json\/wp\/v2\/posts"}],"about":[{"href":"https:\/\/www.tva-international.it\/sk\/wp-json\/wp\/v2\/types\/post"}],"author":[{"embeddable":true,"href":"https:\/\/www.tva-international.it\/sk\/wp-json\/wp\/v2\/users\/5"}],"replies":[{"embeddable":true,"href":"https:\/\/www.tva-international.it\/sk\/wp-json\/wp\/v2\/comments?post=2439"}],"version-history":[{"count":1,"href":"https:\/\/www.tva-international.it\/sk\/wp-json\/wp\/v2\/posts\/2439\/revisions"}],"predecessor-version":[{"id":2440,"href":"https:\/\/www.tva-international.it\/sk\/wp-json\/wp\/v2\/posts\/2439\/revisions\/2440"}],"wp:featuredmedia":[{"embeddable":true,"href":"https:\/\/www.tva-international.it\/sk\/wp-json\/wp\/v2\/media\/2094"}],"wp:attachment":[{"href":"https:\/\/www.tva-international.it\/sk\/wp-json\/wp\/v2\/media?parent=2439"}],"wp:term":[{"taxonomy":"category","embeddable":true,"href":"https:\/\/www.tva-international.it\/sk\/wp-json\/wp\/v2\/categories?post=2439"},{"taxonomy":"post_tag","embeddable":true,"href":"https:\/\/www.tva-international.it\/sk\/wp-json\/wp\/v2\/tags?post=2439"}],"curies":[{"name":"wp","href":"https:\/\/api.w.org\/{rel}","templated":true}]}}