{"id":3212,"date":"2025-12-10T10:15:12","date_gmt":"2025-12-10T09:15:12","guid":{"rendered":"https:\/\/www.tva-international.it\/?p=3212"},"modified":"2025-12-10T11:20:52","modified_gmt":"2025-12-10T10:20:52","slug":"transport-rutier-de-marfa-si-vehicule-cu-emisii-zero-limite-operationale-la-nivel-european","status":"publish","type":"post","link":"https:\/\/www.tva-international.it\/ro\/news\/transport-rutier-de-marfa-si-vehicule-cu-emisii-zero-limite-operationale-la-nivel-european\/","title":{"rendered":"Transport rutier de marf\u0103 \u0219i vehicule grele cu emisii zero \u2013 limite opera\u021bionale la nivel european"},"content":{"rendered":"<p data-start=\"772\" data-end=\"1125\">Peste 5.300 de companii de transport \u0219i logistic\u0103 din Europa au semnat o peti\u021bie lansat\u0103 de IRU \u2013 Uniunea Interna\u021bional\u0103 a Transporturilor Rutiere \u00eempotriva introducerii obliga\u021biei de achizi\u021bionare a vehiculelor cu emisii zero (ZEV), astfel cum a propus Comisia European\u0103 \u00een propunerea sa \u201eEcologizarea flotelor corporative\u201d.<\/p>\n<p data-start=\"772\" data-end=\"1125\">Peti\u021bia, intitulat\u0103 <strong data-start=\"797\" data-end=\"845\">\u201cYes to Greening, No to Purchasing Mandates\u201d<\/strong>, a fost \u00eenm\u00e2nat\u0103 oficial pre\u0219edintei Comisiei Europene, <strong>Ursula von der Leyen<\/strong>, \u0219i exprim\u0103 pozi\u021bia clar\u0103 a sectorului: <strong>adeziune deplin\u0103 pentru tranzi\u021bia ecologic\u0103, dar opozi\u021bie ferm\u0103 fa\u021b\u0103 de obliga\u021biile de reglementare care sunt nesustenabile<\/strong> pentru companiile de transport rutier.<\/p>\n<h3 data-start=\"1132\" data-end=\"1221\">Transport de marf\u0103 \u0219i decarbonizare: sectorul spune da, dar cu condi\u021bii realiste<\/h3>\n<p data-start=\"1223\" data-end=\"1405\">Companiile semnatare, din <strong>26 de state membre ale Uniunii Europene<\/strong>, includ <strong>IMM-uri \u0219i \u00eentreprinderi familiale<\/strong> care reprezint\u0103 nucleul transportului rutier de marf\u0103 din Europa.<\/p>\n<p data-start=\"1407\" data-end=\"1497\">Conform IRU, <strong>o<\/strong><strong>bligativitatea de <\/strong><strong>achizi\u021bie de vehicule cu emisii zero (ZEV) pentru flotele companiilor <\/strong>este:<\/p>\n<p>dispropor\u021bionat\u0103 fa\u021b\u0103 de realitatea opera\u021bional\u0103 a sectorului,<\/p>\n<p>dificil de aplicat \u00een cazul transportului de m\u0103rfuri grele,<\/p>\n<p>poten\u021bial d\u0103un\u0103tore pentru competitivitatea \u00eentreprinderilor europene.<\/p>\n<p>Sectorul subliniaz\u0103 c\u0103 <strong>decarbonizarea transportului rutier este deja \u00een curs de desf\u0103\u0219urare<\/strong>, prin investi\u021bii \u00een:<\/p>\n<p>re\u00eennoirea flotei,<\/p>\n<p>combustibili alternativi,<\/p>\n<p>eficientizarea consumului,<\/p>\n<p>noi tehnologii de gestionare a transporturilor.<\/p>\n<h3>Vehicule cu emisii zero \u0219i flote de vehicule companii de transport: infrastructura \u00eenc\u0103 deficitar\u0103<\/h3>\n<p data-start=\"2025\" data-end=\"2188\">Unul dintre punctele cheie ridicate \u00een peti\u021bie se refer\u0103 la <strong>lipsa condi\u021biilor favorabile<\/strong> pentru adoptarea pe scar\u0103 larg\u0103 a vehiculelor cu emisii zero (ZEV) \u00een transportul de marf\u0103:<\/p>\n<p>infrastructura insuficient\u0103 de \u00eenc\u0103rcare pentru camioane,<\/p>\n<p>costuri de achizi\u021bie foarte ridicate pentru vehiculele electrice \u0219i cu emisii zero,<\/p>\n<p>lipsa unor stimulente fiscale armonizate la nivel european,<\/p>\n<p>acces limitat la finan\u021bare pentru IMM-urile din sectorul transporturilor.<\/p>\n<p data-start=\"2453\" data-end=\"2680\">Potrivit IRU, <strong>numai atunci c\u00e2nd aceste condi\u021bii vor fi cu adev\u0103rat disponibile<\/strong> \u00een \u00eentreaga UE, cererea pentru vehicule cu emisii zero va cre\u0219te \u00een mod natural, f\u0103r\u0103 a fi necesar\u0103 impunerea de restric\u021bii obligatorii.<\/p>\n<h3 data-start=\"2687\" data-end=\"2753\">Un semnal puternic din partea transportatorilor rutieri europeni c\u0103tre Comisia UE<\/h3>\n<p data-start=\"2755\" data-end=\"3066\">Prin aceast\u0103 ini\u021biativ\u0103, sectorul european de <strong>transport rutier de marf\u0103<\/strong> transmite un mesaj clar institu\u021biilor europene:<br \/>\ntranzi\u021bia ecologic\u0103 trebuie s\u0103 respecte <b>timpul necesar<\/b>, <strong>sustenabilitatea economic\u0103 \u0219i realit\u0103\u021bile opera\u021bionale<\/strong>, evit\u00e2nd m\u0103surile care ar putea penaliza companiile din UE \u0219i favoriza operatorii non-europeni.<\/p>\n<p>&nbsp;<\/p>\n<p data-start=\"3376\" data-end=\"3657\">\n","protected":false},"excerpt":{"rendered":"<p>Peste 5.300 de companii de transport \u0219i logistic\u0103 din Europa au semnat o peti\u021bie lansat\u0103 de IRU \u2013 Uniunea Interna\u021bional\u0103 a Transporturilor Rutiere \u00eempotriva introducerii obliga\u021biei de achizi\u021bionare a vehiculelor cu emisii zero (ZEV), astfel cum a propus Comisia European\u0103 \u00een propunerea sa \u201eEcologizarea flotelor corporative\u201d. Peti\u021bia, intitulat\u0103 \u201cYes to Greening, No to Purchasing Mandates\u201d, &hellip; <a href=\"https:\/\/www.tva-international.it\/ro\/news\/transport-rutier-de-marfa-si-vehicule-cu-emisii-zero-limite-operationale-la-nivel-european\/\">Continued<\/a><\/p>\n","protected":false},"author":5,"featured_media":3197,"comment_status":"closed","ping_status":"closed","sticky":false,"template":"","format":"standard","meta":{"_acf_changed":false,"footnotes":""},"categories":[42],"tags":[107,110,109,108],"class_list":["post-3212","post","type-post","status-publish","format-standard","has-post-thumbnail","hentry","category-stiri-tva","tag-decarbonizare","tag-transport-european","tag-vehicule-emissi-zero","tag-zev"],"acf":[],"yoast_head":"<!-- This site is optimized with the Yoast SEO plugin v26.0 - https:\/\/yoast.com\/wordpress\/plugins\/seo\/ -->\n<title>Transport rutier de marf\u0103 \u0219i vehicule grele cu emisii zero \u2013 limite opera\u021bionale la nivel european - TVA International<\/title>\n<meta name=\"description\" content=\"TVA International Transport rutier de marf\u0103 \u0219i vehicule grele cu emisii zero \u2013 limite opera\u021bionale la nivel european \u0218tiri TVA -\" \/>\n<meta name=\"robots\" content=\"index, follow, max-snippet:-1, max-image-preview:large, max-video-preview:-1\" \/>\n<link rel=\"canonical\" href=\"https:\/\/www.tva-international.it\/ro\/news\/transport-rutier-de-marfa-si-vehicule-cu-emisii-zero-limite-operationale-la-nivel-european\/\" \/>\n<meta property=\"og:locale\" content=\"ro_RO\" \/>\n<meta property=\"og:type\" content=\"article\" \/>\n<meta property=\"og:title\" content=\"Transport rutier de marf\u0103 \u0219i vehicule grele cu emisii zero \u2013 limite opera\u021bionale la nivel european - TVA International\" \/>\n<meta property=\"og:description\" content=\"TVA International Transport rutier de marf\u0103 \u0219i vehicule grele cu emisii zero \u2013 limite opera\u021bionale la nivel european \u0218tiri TVA -\" \/>\n<meta property=\"og:url\" content=\"https:\/\/www.tva-international.it\/ro\/news\/transport-rutier-de-marfa-si-vehicule-cu-emisii-zero-limite-operationale-la-nivel-european\/\" \/>\n<meta property=\"og:site_name\" content=\"TVA International\" \/>\n<meta property=\"article:published_time\" content=\"2025-12-10T09:15:12+00:00\" \/>\n<meta property=\"article:modified_time\" content=\"2025-12-10T10:20:52+00:00\" \/>\n<meta property=\"og:image\" content=\"https:\/\/www.tva-international.it\/app\/uploads\/2025\/12\/incentivi-veicoli-imprese-di-autotrasporto.jpg\" \/>\n\t<meta property=\"og:image:width\" content=\"1600\" \/>\n\t<meta property=\"og:image:height\" content=\"900\" \/>\n\t<meta property=\"og:image:type\" content=\"image\/jpeg\" \/>\n<meta name=\"author\" content=\"info@tva-international.it\" \/>\n<meta name=\"twitter:card\" content=\"summary_large_image\" \/>\n<meta name=\"twitter:label1\" content=\"Scris de\" \/>\n\t<meta name=\"twitter:data1\" content=\"info@tva-international.it\" \/>\n\t<meta name=\"twitter:label2\" content=\"Timp estimat pentru citire\" \/>\n\t<meta name=\"twitter:data2\" content=\"3 minute\" \/>\n<script type=\"application\/ld+json\" class=\"yoast-schema-graph\">{\"@context\":\"https:\/\/schema.org\",\"@graph\":[{\"@type\":\"Article\",\"@id\":\"https:\/\/www.tva-international.it\/ro\/news\/transport-rutier-de-marfa-si-vehicule-cu-emisii-zero-limite-operationale-la-nivel-european\/#article\",\"isPartOf\":{\"@id\":\"https:\/\/www.tva-international.it\/ro\/news\/transport-rutier-de-marfa-si-vehicule-cu-emisii-zero-limite-operationale-la-nivel-european\/\"},\"author\":{\"name\":\"info@tva-international.it\",\"@id\":\"https:\/\/www.tva-international.it\/ro\/#\/schema\/person\/0c9391963b0512bd6418bd67c6c56baa\"},\"headline\":\"Transport rutier de marf\u0103 \u0219i vehicule grele cu emisii zero \u2013 limite opera\u021bionale la nivel european\",\"datePublished\":\"2025-12-10T09:15:12+00:00\",\"dateModified\":\"2025-12-10T10:20:52+00:00\",\"mainEntityOfPage\":{\"@id\":\"https:\/\/www.tva-international.it\/ro\/news\/transport-rutier-de-marfa-si-vehicule-cu-emisii-zero-limite-operationale-la-nivel-european\/\"},\"wordCount\":412,\"publisher\":{\"@id\":\"https:\/\/www.tva-international.it\/ro\/#organization\"},\"image\":{\"@id\":\"https:\/\/www.tva-international.it\/ro\/news\/transport-rutier-de-marfa-si-vehicule-cu-emisii-zero-limite-operationale-la-nivel-european\/#primaryimage\"},\"thumbnailUrl\":\"https:\/\/www.tva-international.it\/app\/uploads\/2025\/12\/incentivi-veicoli-imprese-di-autotrasporto.jpg\",\"keywords\":[\"decarbonizare\",\"transport european\",\"vehicule emissi zero\",\"ZEV\"],\"articleSection\":[\"\u0218tiri TVA\"],\"inLanguage\":\"ro-RO\"},{\"@type\":\"WebPage\",\"@id\":\"https:\/\/www.tva-international.it\/ro\/news\/transport-rutier-de-marfa-si-vehicule-cu-emisii-zero-limite-operationale-la-nivel-european\/\",\"url\":\"https:\/\/www.tva-international.it\/ro\/news\/transport-rutier-de-marfa-si-vehicule-cu-emisii-zero-limite-operationale-la-nivel-european\/\",\"name\":\"Transport rutier de marf\u0103 \u0219i vehicule grele cu emisii zero \u2013 limite opera\u021bionale la nivel european - TVA International\",\"isPartOf\":{\"@id\":\"https:\/\/www.tva-international.it\/ro\/#website\"},\"primaryImageOfPage\":{\"@id\":\"https:\/\/www.tva-international.it\/ro\/news\/transport-rutier-de-marfa-si-vehicule-cu-emisii-zero-limite-operationale-la-nivel-european\/#primaryimage\"},\"image\":{\"@id\":\"https:\/\/www.tva-international.it\/ro\/news\/transport-rutier-de-marfa-si-vehicule-cu-emisii-zero-limite-operationale-la-nivel-european\/#primaryimage\"},\"thumbnailUrl\":\"https:\/\/www.tva-international.it\/app\/uploads\/2025\/12\/incentivi-veicoli-imprese-di-autotrasporto.jpg\",\"datePublished\":\"2025-12-10T09:15:12+00:00\",\"dateModified\":\"2025-12-10T10:20:52+00:00\",\"description\":\"TVA International Transport rutier de marf\u0103 \u0219i vehicule grele cu emisii zero \u2013 limite opera\u021bionale la nivel european \u0218tiri TVA -\",\"breadcrumb\":{\"@id\":\"https:\/\/www.tva-international.it\/ro\/news\/transport-rutier-de-marfa-si-vehicule-cu-emisii-zero-limite-operationale-la-nivel-european\/#breadcrumb\"},\"inLanguage\":\"ro-RO\",\"potentialAction\":[{\"@type\":\"ReadAction\",\"target\":[\"https:\/\/www.tva-international.it\/ro\/news\/transport-rutier-de-marfa-si-vehicule-cu-emisii-zero-limite-operationale-la-nivel-european\/\"]}]},{\"@type\":\"ImageObject\",\"inLanguage\":\"ro-RO\",\"@id\":\"https:\/\/www.tva-international.it\/ro\/news\/transport-rutier-de-marfa-si-vehicule-cu-emisii-zero-limite-operationale-la-nivel-european\/#primaryimage\",\"url\":\"https:\/\/www.tva-international.it\/app\/uploads\/2025\/12\/incentivi-veicoli-imprese-di-autotrasporto.jpg\",\"contentUrl\":\"https:\/\/www.tva-international.it\/app\/uploads\/2025\/12\/incentivi-veicoli-imprese-di-autotrasporto.jpg\",\"width\":1600,\"height\":900},{\"@type\":\"BreadcrumbList\",\"@id\":\"https:\/\/www.tva-international.it\/ro\/news\/transport-rutier-de-marfa-si-vehicule-cu-emisii-zero-limite-operationale-la-nivel-european\/#breadcrumb\",\"itemListElement\":[{\"@type\":\"ListItem\",\"position\":1,\"name\":\"Home\",\"item\":\"https:\/\/www.tva-international.it\/ro\/home\/\"},{\"@type\":\"ListItem\",\"position\":2,\"name\":\"Transport rutier de marf\u0103 \u0219i vehicule grele cu emisii zero \u2013 limite opera\u021bionale la nivel european\"}]},{\"@type\":\"WebSite\",\"@id\":\"https:\/\/www.tva-international.it\/ro\/#website\",\"url\":\"https:\/\/www.tva-international.it\/ro\/\",\"name\":\"TVA International\",\"description\":\"Gestione delle pratiche e degli adempimenti necessari per il recupero dell\u2019IVA e delle ACCISE\",\"publisher\":{\"@id\":\"https:\/\/www.tva-international.it\/ro\/#organization\"},\"alternateName\":\"TVA\",\"potentialAction\":[{\"@type\":\"SearchAction\",\"target\":{\"@type\":\"EntryPoint\",\"urlTemplate\":\"https:\/\/www.tva-international.it\/ro\/?s={search_term_string}\"},\"query-input\":{\"@type\":\"PropertyValueSpecification\",\"valueRequired\":true,\"valueName\":\"search_term_string\"}}],\"inLanguage\":\"ro-RO\"},{\"@type\":\"Organization\",\"@id\":\"https:\/\/www.tva-international.it\/ro\/#organization\",\"name\":\"TVA International\",\"alternateName\":\"TVA\",\"url\":\"https:\/\/www.tva-international.it\/ro\/\",\"logo\":{\"@type\":\"ImageObject\",\"inLanguage\":\"ro-RO\",\"@id\":\"https:\/\/www.tva-international.it\/ro\/#\/schema\/logo\/image\/\",\"url\":\"https:\/\/www.tva-international.it\/app\/uploads\/2023\/09\/tva-696x696-1.jpg\",\"contentUrl\":\"https:\/\/www.tva-international.it\/app\/uploads\/2023\/09\/tva-696x696-1.jpg\",\"width\":696,\"height\":696,\"caption\":\"TVA International\"},\"image\":{\"@id\":\"https:\/\/www.tva-international.it\/ro\/#\/schema\/logo\/image\/\"}},{\"@type\":\"Person\",\"@id\":\"https:\/\/www.tva-international.it\/ro\/#\/schema\/person\/0c9391963b0512bd6418bd67c6c56baa\",\"name\":\"info@tva-international.it\",\"image\":{\"@type\":\"ImageObject\",\"inLanguage\":\"ro-RO\",\"@id\":\"https:\/\/www.tva-international.it\/ro\/#\/schema\/person\/image\/\",\"url\":\"https:\/\/secure.gravatar.com\/avatar\/a90f73b58b0607af614fb83324944e293fb8f20fc912b68e53aaa1a2fe83d01f?s=96&d=mm&r=g\",\"contentUrl\":\"https:\/\/secure.gravatar.com\/avatar\/a90f73b58b0607af614fb83324944e293fb8f20fc912b68e53aaa1a2fe83d01f?s=96&d=mm&r=g\",\"caption\":\"info@tva-international.it\"}}]}<\/script>\n<!-- \/ Yoast SEO plugin. -->","yoast_head_json":{"title":"Transport rutier de marf\u0103 \u0219i vehicule grele cu emisii zero \u2013 limite opera\u021bionale la nivel european - TVA International","description":"TVA International Transport rutier de marf\u0103 \u0219i vehicule grele cu emisii zero \u2013 limite opera\u021bionale la nivel european \u0218tiri TVA -","robots":{"index":"index","follow":"follow","max-snippet":"max-snippet:-1","max-image-preview":"max-image-preview:large","max-video-preview":"max-video-preview:-1"},"canonical":"https:\/\/www.tva-international.it\/ro\/news\/transport-rutier-de-marfa-si-vehicule-cu-emisii-zero-limite-operationale-la-nivel-european\/","og_locale":"ro_RO","og_type":"article","og_title":"Transport rutier de marf\u0103 \u0219i vehicule grele cu emisii zero \u2013 limite opera\u021bionale la nivel european - TVA International","og_description":"TVA International Transport rutier de marf\u0103 \u0219i vehicule grele cu emisii zero \u2013 limite opera\u021bionale la nivel european \u0218tiri TVA -","og_url":"https:\/\/www.tva-international.it\/ro\/news\/transport-rutier-de-marfa-si-vehicule-cu-emisii-zero-limite-operationale-la-nivel-european\/","og_site_name":"TVA International","article_published_time":"2025-12-10T09:15:12+00:00","article_modified_time":"2025-12-10T10:20:52+00:00","og_image":[{"width":1600,"height":900,"url":"https:\/\/www.tva-international.it\/app\/uploads\/2025\/12\/incentivi-veicoli-imprese-di-autotrasporto.jpg","type":"image\/jpeg"}],"author":"info@tva-international.it","twitter_card":"summary_large_image","twitter_misc":{"Scris de":"info@tva-international.it","Timp estimat pentru citire":"3 minute"},"schema":{"@context":"https:\/\/schema.org","@graph":[{"@type":"Article","@id":"https:\/\/www.tva-international.it\/ro\/news\/transport-rutier-de-marfa-si-vehicule-cu-emisii-zero-limite-operationale-la-nivel-european\/#article","isPartOf":{"@id":"https:\/\/www.tva-international.it\/ro\/news\/transport-rutier-de-marfa-si-vehicule-cu-emisii-zero-limite-operationale-la-nivel-european\/"},"author":{"name":"info@tva-international.it","@id":"https:\/\/www.tva-international.it\/ro\/#\/schema\/person\/0c9391963b0512bd6418bd67c6c56baa"},"headline":"Transport rutier de marf\u0103 \u0219i vehicule grele cu emisii zero \u2013 limite opera\u021bionale la nivel european","datePublished":"2025-12-10T09:15:12+00:00","dateModified":"2025-12-10T10:20:52+00:00","mainEntityOfPage":{"@id":"https:\/\/www.tva-international.it\/ro\/news\/transport-rutier-de-marfa-si-vehicule-cu-emisii-zero-limite-operationale-la-nivel-european\/"},"wordCount":412,"publisher":{"@id":"https:\/\/www.tva-international.it\/ro\/#organization"},"image":{"@id":"https:\/\/www.tva-international.it\/ro\/news\/transport-rutier-de-marfa-si-vehicule-cu-emisii-zero-limite-operationale-la-nivel-european\/#primaryimage"},"thumbnailUrl":"https:\/\/www.tva-international.it\/app\/uploads\/2025\/12\/incentivi-veicoli-imprese-di-autotrasporto.jpg","keywords":["decarbonizare","transport european","vehicule emissi zero","ZEV"],"articleSection":["\u0218tiri TVA"],"inLanguage":"ro-RO"},{"@type":"WebPage","@id":"https:\/\/www.tva-international.it\/ro\/news\/transport-rutier-de-marfa-si-vehicule-cu-emisii-zero-limite-operationale-la-nivel-european\/","url":"https:\/\/www.tva-international.it\/ro\/news\/transport-rutier-de-marfa-si-vehicule-cu-emisii-zero-limite-operationale-la-nivel-european\/","name":"Transport rutier de marf\u0103 \u0219i vehicule grele cu emisii zero \u2013 limite opera\u021bionale la nivel european - TVA International","isPartOf":{"@id":"https:\/\/www.tva-international.it\/ro\/#website"},"primaryImageOfPage":{"@id":"https:\/\/www.tva-international.it\/ro\/news\/transport-rutier-de-marfa-si-vehicule-cu-emisii-zero-limite-operationale-la-nivel-european\/#primaryimage"},"image":{"@id":"https:\/\/www.tva-international.it\/ro\/news\/transport-rutier-de-marfa-si-vehicule-cu-emisii-zero-limite-operationale-la-nivel-european\/#primaryimage"},"thumbnailUrl":"https:\/\/www.tva-international.it\/app\/uploads\/2025\/12\/incentivi-veicoli-imprese-di-autotrasporto.jpg","datePublished":"2025-12-10T09:15:12+00:00","dateModified":"2025-12-10T10:20:52+00:00","description":"TVA International Transport rutier de marf\u0103 \u0219i vehicule grele cu emisii zero \u2013 limite opera\u021bionale la nivel european \u0218tiri TVA -","breadcrumb":{"@id":"https:\/\/www.tva-international.it\/ro\/news\/transport-rutier-de-marfa-si-vehicule-cu-emisii-zero-limite-operationale-la-nivel-european\/#breadcrumb"},"inLanguage":"ro-RO","potentialAction":[{"@type":"ReadAction","target":["https:\/\/www.tva-international.it\/ro\/news\/transport-rutier-de-marfa-si-vehicule-cu-emisii-zero-limite-operationale-la-nivel-european\/"]}]},{"@type":"ImageObject","inLanguage":"ro-RO","@id":"https:\/\/www.tva-international.it\/ro\/news\/transport-rutier-de-marfa-si-vehicule-cu-emisii-zero-limite-operationale-la-nivel-european\/#primaryimage","url":"https:\/\/www.tva-international.it\/app\/uploads\/2025\/12\/incentivi-veicoli-imprese-di-autotrasporto.jpg","contentUrl":"https:\/\/www.tva-international.it\/app\/uploads\/2025\/12\/incentivi-veicoli-imprese-di-autotrasporto.jpg","width":1600,"height":900},{"@type":"BreadcrumbList","@id":"https:\/\/www.tva-international.it\/ro\/news\/transport-rutier-de-marfa-si-vehicule-cu-emisii-zero-limite-operationale-la-nivel-european\/#breadcrumb","itemListElement":[{"@type":"ListItem","position":1,"name":"Home","item":"https:\/\/www.tva-international.it\/ro\/home\/"},{"@type":"ListItem","position":2,"name":"Transport rutier de marf\u0103 \u0219i vehicule grele cu emisii zero \u2013 limite opera\u021bionale la nivel european"}]},{"@type":"WebSite","@id":"https:\/\/www.tva-international.it\/ro\/#website","url":"https:\/\/www.tva-international.it\/ro\/","name":"TVA International","description":"Gestione delle pratiche e degli adempimenti necessari per il recupero dell\u2019IVA e delle ACCISE","publisher":{"@id":"https:\/\/www.tva-international.it\/ro\/#organization"},"alternateName":"TVA","potentialAction":[{"@type":"SearchAction","target":{"@type":"EntryPoint","urlTemplate":"https:\/\/www.tva-international.it\/ro\/?s={search_term_string}"},"query-input":{"@type":"PropertyValueSpecification","valueRequired":true,"valueName":"search_term_string"}}],"inLanguage":"ro-RO"},{"@type":"Organization","@id":"https:\/\/www.tva-international.it\/ro\/#organization","name":"TVA International","alternateName":"TVA","url":"https:\/\/www.tva-international.it\/ro\/","logo":{"@type":"ImageObject","inLanguage":"ro-RO","@id":"https:\/\/www.tva-international.it\/ro\/#\/schema\/logo\/image\/","url":"https:\/\/www.tva-international.it\/app\/uploads\/2023\/09\/tva-696x696-1.jpg","contentUrl":"https:\/\/www.tva-international.it\/app\/uploads\/2023\/09\/tva-696x696-1.jpg","width":696,"height":696,"caption":"TVA International"},"image":{"@id":"https:\/\/www.tva-international.it\/ro\/#\/schema\/logo\/image\/"}},{"@type":"Person","@id":"https:\/\/www.tva-international.it\/ro\/#\/schema\/person\/0c9391963b0512bd6418bd67c6c56baa","name":"info@tva-international.it","image":{"@type":"ImageObject","inLanguage":"ro-RO","@id":"https:\/\/www.tva-international.it\/ro\/#\/schema\/person\/image\/","url":"https:\/\/secure.gravatar.com\/avatar\/a90f73b58b0607af614fb83324944e293fb8f20fc912b68e53aaa1a2fe83d01f?s=96&d=mm&r=g","contentUrl":"https:\/\/secure.gravatar.com\/avatar\/a90f73b58b0607af614fb83324944e293fb8f20fc912b68e53aaa1a2fe83d01f?s=96&d=mm&r=g","caption":"info@tva-international.it"}}]}},"_links":{"self":[{"href":"https:\/\/www.tva-international.it\/ro\/wp-json\/wp\/v2\/posts\/3212","targetHints":{"allow":["GET"]}}],"collection":[{"href":"https:\/\/www.tva-international.it\/ro\/wp-json\/wp\/v2\/posts"}],"about":[{"href":"https:\/\/www.tva-international.it\/ro\/wp-json\/wp\/v2\/types\/post"}],"author":[{"embeddable":true,"href":"https:\/\/www.tva-international.it\/ro\/wp-json\/wp\/v2\/users\/5"}],"replies":[{"embeddable":true,"href":"https:\/\/www.tva-international.it\/ro\/wp-json\/wp\/v2\/comments?post=3212"}],"version-history":[{"count":2,"href":"https:\/\/www.tva-international.it\/ro\/wp-json\/wp\/v2\/posts\/3212\/revisions"}],"predecessor-version":[{"id":3214,"href":"https:\/\/www.tva-international.it\/ro\/wp-json\/wp\/v2\/posts\/3212\/revisions\/3214"}],"wp:featuredmedia":[{"embeddable":true,"href":"https:\/\/www.tva-international.it\/ro\/wp-json\/wp\/v2\/media\/3197"}],"wp:attachment":[{"href":"https:\/\/www.tva-international.it\/ro\/wp-json\/wp\/v2\/media?parent=3212"}],"wp:term":[{"taxonomy":"category","embeddable":true,"href":"https:\/\/www.tva-international.it\/ro\/wp-json\/wp\/v2\/categories?post=3212"},{"taxonomy":"post_tag","embeddable":true,"href":"https:\/\/www.tva-international.it\/ro\/wp-json\/wp\/v2\/tags?post=3212"}],"curies":[{"name":"wp","href":"https:\/\/api.w.org\/{rel}","templated":true}]}}