{"id":2780,"date":"2024-11-12T16:00:59","date_gmt":"2024-11-12T15:00:59","guid":{"rendered":"https:\/\/www.tva-international.it\/news\/trasporti-internazionali-e-obbligo-di-aggiornamento-dei-tachigrafi-i-ritardi-generano-preoccupazione-con-il-caso-emblematico-della-romania\/"},"modified":"2024-12-12T11:23:00","modified_gmt":"2024-12-12T10:23:00","slug":"trasporti-internazionali-e-obbligo-di-aggiornamento-dei-tachigrafi-i-ritardi-generano-preoccupazione-con-il-caso-emblematico-della-romania","status":"publish","type":"post","link":"https:\/\/www.tva-international.it\/pl\/news\/trasporti-internazionali-e-obbligo-di-aggiornamento-dei-tachigrafi-i-ritardi-generano-preoccupazione-con-il-caso-emblematico-della-romania\/","title":{"rendered":"Transport mi\u0119dzynarodowy i obowi\u0105zek aktualizacji tachograf\u00f3w: op\u00f3\u017anienia budz\u0105 obawy, przyk\u0142ad Rumunii"},"content":{"rendered":"<div class=\"flex-shrink-0 flex flex-col relative items-end\">\n<div class=\"pt-0\">\n<div class=\"gizmo-bot-avatar flex h-8 w-8 items-center justify-center overflow-hidden rounded-full\">\n<div class=\"relative p-1 rounded-sm flex items-center justify-center bg-token-main-surface-primary text-token-text-primary h-8 w-8\">\n<p><strong>G\u0142\u00f3wne terminy<\/strong><\/p>\n<ul>\n<li><strong>Do 31 grudnia 2024<\/strong> r.: wszystkie pojazdy z analogowymi lub cyfrowymi nieinteligentnymi tachografami b\u0119d\u0105 musia\u0142y by\u0107 wyposa\u017cone w co najmniej inteligentny tachograf pierwszej generacji, aby mog\u0142y porusza\u0107 si\u0119 za granic\u0105.<\/li>\n<li><strong>Do 18 sierpnia 2025 r.<\/strong>: wszystkie pojazdy z inteligentnymi tachografami pierwszej generacji b\u0119d\u0105 musia\u0142y przej\u015b\u0107 na wersj\u0119 drugiej generacji (SMART2).<\/li>\n<\/ul>\n<p><strong>Krytyczna sytuacja w Rumunii<\/strong><\/p>\n<p>W Rumunii op\u00f3\u017anienia s\u0105 szczeg\u00f3lnie niepokoj\u0105ce. Wed\u0142ug danych krajowego stowarzyszenia przewo\u017anik\u00f3w Untrr, tylko 10 000 z oko\u0142o 60 000 pojazd\u00f3w wykorzystywanych w transporcie mi\u0119dzynarodowym jest obecnie wyposa\u017conych w nowy tachograf drugiej generacji, podczas gdy oko\u0142o 17 000 ma inteligentny tachograf pierwszej generacji.<\/p>\n<p>Badania przeprowadzone przez Untrr i Iru pokazuj\u0105, \u017ce w wielu innych krajach europejskich op\u00f3\u017anienia s\u0105 r\u00f3wnie\u017c znaczne: tylko 6,42% europejskiej floty by\u0142o na bie\u017c\u0105co z nowymi tachografami do wrze\u015bnia 2024 roku. Istnieje ryzyko, \u017ce znaczna liczba pojazd\u00f3w nie dotrzyma termin\u00f3w okre\u015blonych w pierwszym pakiecie na rzecz mobilno\u015bci.<\/p>\n<p><strong>Wnioski o przed\u0142u\u017cenie i wsparcie finansowe<\/strong><\/p>\n<p>Aby rozwi\u0105za\u0107 t\u0119 trudno\u015b\u0107, Untrr zwr\u00f3ci\u0142 si\u0119 do w\u0142adz rumu\u0144skich i europejskich o przed\u0142u\u017cenie terminu o dwa lata. Zaproponowa\u0142a r\u00f3wnie\u017c przydzia\u0142 funduszy europejskich, aby pom\u00f3c firmom w pokryciu koszt\u00f3w modernizacji, poniewa\u017c rozporz\u0105dzenie 1054\/2020 w sprawie pierwszego pakietu mobilno\u015bci okre\u015bla \u015bcis\u0142e terminy: do ko\u0144ca 2024 r. dla nieinteligentnych tachograf\u00f3w analogowych i cyfrowych oraz do 18 sierpnia 2025 r. dla tachograf\u00f3w pierwszej generacji.<\/p>\n<\/div>\n<\/div>\n<\/div>\n<\/div>\n","protected":false},"excerpt":{"rendered":"<p>G\u0142\u00f3wne terminy Do 31 grudnia 2024 r.: wszystkie pojazdy z analogowymi lub cyfrowymi nieinteligentnymi tachografami b\u0119d\u0105 musia\u0142y by\u0107 wyposa\u017cone w co najmniej inteligentny tachograf pierwszej generacji, aby mog\u0142y porusza\u0107 si\u0119 za granic\u0105. Do 18 sierpnia 2025 r.: wszystkie pojazdy z inteligentnymi tachografami pierwszej generacji b\u0119d\u0105 musia\u0142y przej\u015b\u0107 na wersj\u0119 drugiej generacji (SMART2). Krytyczna sytuacja w &hellip; <a href=\"https:\/\/www.tva-international.it\/pl\/news\/trasporti-internazionali-e-obbligo-di-aggiornamento-dei-tachigrafi-i-ritardi-generano-preoccupazione-con-il-caso-emblematico-della-romania\/\">Continued<\/a><\/p>\n","protected":false},"author":5,"featured_media":2757,"comment_status":"closed","ping_status":"closed","sticky":false,"template":"","format":"standard","meta":{"_acf_changed":false,"footnotes":""},"categories":[41],"tags":[53],"class_list":["post-2780","post","type-post","status-publish","format-standard","has-post-thumbnail","hentry","category-wiadomosci-tva","tag-aggiornamento-tachigrafi-pl"],"acf":[],"yoast_head":"<!-- This site is optimized with the Yoast SEO plugin v26.0 - https:\/\/yoast.com\/wordpress\/plugins\/seo\/ -->\n<title>Transport mi\u0119dzynarodowy i obowi\u0105zek aktualizacji tachograf\u00f3w: op\u00f3\u017anienia budz\u0105 obawy, przyk\u0142ad Rumunii - TVA International<\/title>\n<meta name=\"robots\" content=\"index, follow, max-snippet:-1, max-image-preview:large, max-video-preview:-1\" \/>\n<link rel=\"canonical\" href=\"https:\/\/www.tva-international.it\/pl\/news\/trasporti-internazionali-e-obbligo-di-aggiornamento-dei-tachigrafi-i-ritardi-generano-preoccupazione-con-il-caso-emblematico-della-romania\/\" \/>\n<meta property=\"og:locale\" content=\"pl_PL\" \/>\n<meta property=\"og:type\" content=\"article\" \/>\n<meta property=\"og:title\" content=\"Transport mi\u0119dzynarodowy i obowi\u0105zek aktualizacji tachograf\u00f3w: op\u00f3\u017anienia budz\u0105 obawy, przyk\u0142ad Rumunii - TVA International\" \/>\n<meta property=\"og:description\" content=\"G\u0142\u00f3wne terminy Do 31 grudnia 2024 r.: wszystkie pojazdy z analogowymi lub cyfrowymi nieinteligentnymi tachografami b\u0119d\u0105 musia\u0142y by\u0107 wyposa\u017cone w co najmniej inteligentny tachograf pierwszej generacji, aby mog\u0142y porusza\u0107 si\u0119 za granic\u0105. Do 18 sierpnia 2025 r.: wszystkie pojazdy z inteligentnymi tachografami pierwszej generacji b\u0119d\u0105 musia\u0142y przej\u015b\u0107 na wersj\u0119 drugiej generacji (SMART2). Krytyczna sytuacja w &hellip; Continued\" \/>\n<meta property=\"og:url\" content=\"https:\/\/www.tva-international.it\/pl\/news\/trasporti-internazionali-e-obbligo-di-aggiornamento-dei-tachigrafi-i-ritardi-generano-preoccupazione-con-il-caso-emblematico-della-romania\/\" \/>\n<meta property=\"og:site_name\" content=\"TVA International\" \/>\n<meta property=\"article:published_time\" content=\"2024-11-12T15:00:59+00:00\" \/>\n<meta property=\"article:modified_time\" content=\"2024-12-12T10:23:00+00:00\" \/>\n<meta property=\"og:image\" content=\"https:\/\/www.tva-international.it\/app\/uploads\/2024\/11\/foto-per-normativa-tachigrafi-e1731423640211.jpg\" \/>\n\t<meta property=\"og:image:width\" content=\"1920\" \/>\n\t<meta property=\"og:image:height\" content=\"1080\" \/>\n\t<meta property=\"og:image:type\" content=\"image\/jpeg\" \/>\n<meta name=\"author\" content=\"info@tva-international.it\" \/>\n<meta name=\"twitter:card\" content=\"summary_large_image\" \/>\n<meta name=\"twitter:label1\" content=\"Napisane przez\" \/>\n\t<meta name=\"twitter:data1\" content=\"info@tva-international.it\" \/>\n\t<meta name=\"twitter:label2\" content=\"Szacowany czas czytania\" \/>\n\t<meta name=\"twitter:data2\" content=\"2 minuty\" \/>\n<script type=\"application\/ld+json\" class=\"yoast-schema-graph\">{\"@context\":\"https:\/\/schema.org\",\"@graph\":[{\"@type\":\"Article\",\"@id\":\"https:\/\/www.tva-international.it\/pl\/news\/trasporti-internazionali-e-obbligo-di-aggiornamento-dei-tachigrafi-i-ritardi-generano-preoccupazione-con-il-caso-emblematico-della-romania\/#article\",\"isPartOf\":{\"@id\":\"https:\/\/www.tva-international.it\/pl\/news\/trasporti-internazionali-e-obbligo-di-aggiornamento-dei-tachigrafi-i-ritardi-generano-preoccupazione-con-il-caso-emblematico-della-romania\/\"},\"author\":{\"name\":\"info@tva-international.it\",\"@id\":\"https:\/\/www.tva-international.it\/pl\/#\/schema\/person\/0c9391963b0512bd6418bd67c6c56baa\"},\"headline\":\"Transport mi\u0119dzynarodowy i obowi\u0105zek aktualizacji tachograf\u00f3w: op\u00f3\u017anienia budz\u0105 obawy, przyk\u0142ad Rumunii\",\"datePublished\":\"2024-11-12T15:00:59+00:00\",\"dateModified\":\"2024-12-12T10:23:00+00:00\",\"mainEntityOfPage\":{\"@id\":\"https:\/\/www.tva-international.it\/pl\/news\/trasporti-internazionali-e-obbligo-di-aggiornamento-dei-tachigrafi-i-ritardi-generano-preoccupazione-con-il-caso-emblematico-della-romania\/\"},\"wordCount\":258,\"publisher\":{\"@id\":\"https:\/\/www.tva-international.it\/pl\/#organization\"},\"image\":{\"@id\":\"https:\/\/www.tva-international.it\/pl\/news\/trasporti-internazionali-e-obbligo-di-aggiornamento-dei-tachigrafi-i-ritardi-generano-preoccupazione-con-il-caso-emblematico-della-romania\/#primaryimage\"},\"thumbnailUrl\":\"https:\/\/www.tva-international.it\/app\/uploads\/2024\/11\/foto-per-normativa-tachigrafi-e1731423640211.jpg\",\"keywords\":[\"aggiornamento tachigrafi\"],\"articleSection\":[\"Wiadomo\u015bci TVA\"],\"inLanguage\":\"pl-PL\"},{\"@type\":\"WebPage\",\"@id\":\"https:\/\/www.tva-international.it\/pl\/news\/trasporti-internazionali-e-obbligo-di-aggiornamento-dei-tachigrafi-i-ritardi-generano-preoccupazione-con-il-caso-emblematico-della-romania\/\",\"url\":\"https:\/\/www.tva-international.it\/pl\/news\/trasporti-internazionali-e-obbligo-di-aggiornamento-dei-tachigrafi-i-ritardi-generano-preoccupazione-con-il-caso-emblematico-della-romania\/\",\"name\":\"Transport mi\u0119dzynarodowy i obowi\u0105zek aktualizacji tachograf\u00f3w: op\u00f3\u017anienia budz\u0105 obawy, przyk\u0142ad Rumunii - TVA International\",\"isPartOf\":{\"@id\":\"https:\/\/www.tva-international.it\/pl\/#website\"},\"primaryImageOfPage\":{\"@id\":\"https:\/\/www.tva-international.it\/pl\/news\/trasporti-internazionali-e-obbligo-di-aggiornamento-dei-tachigrafi-i-ritardi-generano-preoccupazione-con-il-caso-emblematico-della-romania\/#primaryimage\"},\"image\":{\"@id\":\"https:\/\/www.tva-international.it\/pl\/news\/trasporti-internazionali-e-obbligo-di-aggiornamento-dei-tachigrafi-i-ritardi-generano-preoccupazione-con-il-caso-emblematico-della-romania\/#primaryimage\"},\"thumbnailUrl\":\"https:\/\/www.tva-international.it\/app\/uploads\/2024\/11\/foto-per-normativa-tachigrafi-e1731423640211.jpg\",\"datePublished\":\"2024-11-12T15:00:59+00:00\",\"dateModified\":\"2024-12-12T10:23:00+00:00\",\"breadcrumb\":{\"@id\":\"https:\/\/www.tva-international.it\/pl\/news\/trasporti-internazionali-e-obbligo-di-aggiornamento-dei-tachigrafi-i-ritardi-generano-preoccupazione-con-il-caso-emblematico-della-romania\/#breadcrumb\"},\"inLanguage\":\"pl-PL\",\"potentialAction\":[{\"@type\":\"ReadAction\",\"target\":[\"https:\/\/www.tva-international.it\/pl\/news\/trasporti-internazionali-e-obbligo-di-aggiornamento-dei-tachigrafi-i-ritardi-generano-preoccupazione-con-il-caso-emblematico-della-romania\/\"]}]},{\"@type\":\"ImageObject\",\"inLanguage\":\"pl-PL\",\"@id\":\"https:\/\/www.tva-international.it\/pl\/news\/trasporti-internazionali-e-obbligo-di-aggiornamento-dei-tachigrafi-i-ritardi-generano-preoccupazione-con-il-caso-emblematico-della-romania\/#primaryimage\",\"url\":\"https:\/\/www.tva-international.it\/app\/uploads\/2024\/11\/foto-per-normativa-tachigrafi-e1731423640211.jpg\",\"contentUrl\":\"https:\/\/www.tva-international.it\/app\/uploads\/2024\/11\/foto-per-normativa-tachigrafi-e1731423640211.jpg\",\"width\":1920,\"height\":1080},{\"@type\":\"BreadcrumbList\",\"@id\":\"https:\/\/www.tva-international.it\/pl\/news\/trasporti-internazionali-e-obbligo-di-aggiornamento-dei-tachigrafi-i-ritardi-generano-preoccupazione-con-il-caso-emblematico-della-romania\/#breadcrumb\",\"itemListElement\":[{\"@type\":\"ListItem\",\"position\":1,\"name\":\"Home\",\"item\":\"https:\/\/www.tva-international.it\/pl\/home\/\"},{\"@type\":\"ListItem\",\"position\":2,\"name\":\"Transport mi\u0119dzynarodowy i obowi\u0105zek aktualizacji tachograf\u00f3w: op\u00f3\u017anienia budz\u0105 obawy, przyk\u0142ad Rumunii\"}]},{\"@type\":\"WebSite\",\"@id\":\"https:\/\/www.tva-international.it\/pl\/#website\",\"url\":\"https:\/\/www.tva-international.it\/pl\/\",\"name\":\"TVA International\",\"description\":\"Gestione delle pratiche e degli adempimenti necessari per il recupero dell\u2019IVA e delle ACCISE\",\"publisher\":{\"@id\":\"https:\/\/www.tva-international.it\/pl\/#organization\"},\"alternateName\":\"TVA\",\"potentialAction\":[{\"@type\":\"SearchAction\",\"target\":{\"@type\":\"EntryPoint\",\"urlTemplate\":\"https:\/\/www.tva-international.it\/pl\/?s={search_term_string}\"},\"query-input\":{\"@type\":\"PropertyValueSpecification\",\"valueRequired\":true,\"valueName\":\"search_term_string\"}}],\"inLanguage\":\"pl-PL\"},{\"@type\":\"Organization\",\"@id\":\"https:\/\/www.tva-international.it\/pl\/#organization\",\"name\":\"TVA International\",\"alternateName\":\"TVA\",\"url\":\"https:\/\/www.tva-international.it\/pl\/\",\"logo\":{\"@type\":\"ImageObject\",\"inLanguage\":\"pl-PL\",\"@id\":\"https:\/\/www.tva-international.it\/pl\/#\/schema\/logo\/image\/\",\"url\":\"https:\/\/www.tva-international.it\/app\/uploads\/2023\/09\/tva-696x696-1.jpg\",\"contentUrl\":\"https:\/\/www.tva-international.it\/app\/uploads\/2023\/09\/tva-696x696-1.jpg\",\"width\":696,\"height\":696,\"caption\":\"TVA International\"},\"image\":{\"@id\":\"https:\/\/www.tva-international.it\/pl\/#\/schema\/logo\/image\/\"}},{\"@type\":\"Person\",\"@id\":\"https:\/\/www.tva-international.it\/pl\/#\/schema\/person\/0c9391963b0512bd6418bd67c6c56baa\",\"name\":\"info@tva-international.it\",\"image\":{\"@type\":\"ImageObject\",\"inLanguage\":\"pl-PL\",\"@id\":\"https:\/\/www.tva-international.it\/pl\/#\/schema\/person\/image\/\",\"url\":\"https:\/\/secure.gravatar.com\/avatar\/a90f73b58b0607af614fb83324944e293fb8f20fc912b68e53aaa1a2fe83d01f?s=96&d=mm&r=g\",\"contentUrl\":\"https:\/\/secure.gravatar.com\/avatar\/a90f73b58b0607af614fb83324944e293fb8f20fc912b68e53aaa1a2fe83d01f?s=96&d=mm&r=g\",\"caption\":\"info@tva-international.it\"}}]}<\/script>\n<!-- \/ Yoast SEO plugin. -->","yoast_head_json":{"title":"Transport mi\u0119dzynarodowy i obowi\u0105zek aktualizacji tachograf\u00f3w: op\u00f3\u017anienia budz\u0105 obawy, przyk\u0142ad Rumunii - TVA International","robots":{"index":"index","follow":"follow","max-snippet":"max-snippet:-1","max-image-preview":"max-image-preview:large","max-video-preview":"max-video-preview:-1"},"canonical":"https:\/\/www.tva-international.it\/pl\/news\/trasporti-internazionali-e-obbligo-di-aggiornamento-dei-tachigrafi-i-ritardi-generano-preoccupazione-con-il-caso-emblematico-della-romania\/","og_locale":"pl_PL","og_type":"article","og_title":"Transport mi\u0119dzynarodowy i obowi\u0105zek aktualizacji tachograf\u00f3w: op\u00f3\u017anienia budz\u0105 obawy, przyk\u0142ad Rumunii - TVA International","og_description":"G\u0142\u00f3wne terminy Do 31 grudnia 2024 r.: wszystkie pojazdy z analogowymi lub cyfrowymi nieinteligentnymi tachografami b\u0119d\u0105 musia\u0142y by\u0107 wyposa\u017cone w co najmniej inteligentny tachograf pierwszej generacji, aby mog\u0142y porusza\u0107 si\u0119 za granic\u0105. Do 18 sierpnia 2025 r.: wszystkie pojazdy z inteligentnymi tachografami pierwszej generacji b\u0119d\u0105 musia\u0142y przej\u015b\u0107 na wersj\u0119 drugiej generacji (SMART2). Krytyczna sytuacja w &hellip; Continued","og_url":"https:\/\/www.tva-international.it\/pl\/news\/trasporti-internazionali-e-obbligo-di-aggiornamento-dei-tachigrafi-i-ritardi-generano-preoccupazione-con-il-caso-emblematico-della-romania\/","og_site_name":"TVA International","article_published_time":"2024-11-12T15:00:59+00:00","article_modified_time":"2024-12-12T10:23:00+00:00","og_image":[{"width":1920,"height":1080,"url":"https:\/\/www.tva-international.it\/app\/uploads\/2024\/11\/foto-per-normativa-tachigrafi-e1731423640211.jpg","type":"image\/jpeg"}],"author":"info@tva-international.it","twitter_card":"summary_large_image","twitter_misc":{"Napisane przez":"info@tva-international.it","Szacowany czas czytania":"2 minuty"},"schema":{"@context":"https:\/\/schema.org","@graph":[{"@type":"Article","@id":"https:\/\/www.tva-international.it\/pl\/news\/trasporti-internazionali-e-obbligo-di-aggiornamento-dei-tachigrafi-i-ritardi-generano-preoccupazione-con-il-caso-emblematico-della-romania\/#article","isPartOf":{"@id":"https:\/\/www.tva-international.it\/pl\/news\/trasporti-internazionali-e-obbligo-di-aggiornamento-dei-tachigrafi-i-ritardi-generano-preoccupazione-con-il-caso-emblematico-della-romania\/"},"author":{"name":"info@tva-international.it","@id":"https:\/\/www.tva-international.it\/pl\/#\/schema\/person\/0c9391963b0512bd6418bd67c6c56baa"},"headline":"Transport mi\u0119dzynarodowy i obowi\u0105zek aktualizacji tachograf\u00f3w: op\u00f3\u017anienia budz\u0105 obawy, przyk\u0142ad Rumunii","datePublished":"2024-11-12T15:00:59+00:00","dateModified":"2024-12-12T10:23:00+00:00","mainEntityOfPage":{"@id":"https:\/\/www.tva-international.it\/pl\/news\/trasporti-internazionali-e-obbligo-di-aggiornamento-dei-tachigrafi-i-ritardi-generano-preoccupazione-con-il-caso-emblematico-della-romania\/"},"wordCount":258,"publisher":{"@id":"https:\/\/www.tva-international.it\/pl\/#organization"},"image":{"@id":"https:\/\/www.tva-international.it\/pl\/news\/trasporti-internazionali-e-obbligo-di-aggiornamento-dei-tachigrafi-i-ritardi-generano-preoccupazione-con-il-caso-emblematico-della-romania\/#primaryimage"},"thumbnailUrl":"https:\/\/www.tva-international.it\/app\/uploads\/2024\/11\/foto-per-normativa-tachigrafi-e1731423640211.jpg","keywords":["aggiornamento tachigrafi"],"articleSection":["Wiadomo\u015bci TVA"],"inLanguage":"pl-PL"},{"@type":"WebPage","@id":"https:\/\/www.tva-international.it\/pl\/news\/trasporti-internazionali-e-obbligo-di-aggiornamento-dei-tachigrafi-i-ritardi-generano-preoccupazione-con-il-caso-emblematico-della-romania\/","url":"https:\/\/www.tva-international.it\/pl\/news\/trasporti-internazionali-e-obbligo-di-aggiornamento-dei-tachigrafi-i-ritardi-generano-preoccupazione-con-il-caso-emblematico-della-romania\/","name":"Transport mi\u0119dzynarodowy i obowi\u0105zek aktualizacji tachograf\u00f3w: op\u00f3\u017anienia budz\u0105 obawy, przyk\u0142ad Rumunii - TVA International","isPartOf":{"@id":"https:\/\/www.tva-international.it\/pl\/#website"},"primaryImageOfPage":{"@id":"https:\/\/www.tva-international.it\/pl\/news\/trasporti-internazionali-e-obbligo-di-aggiornamento-dei-tachigrafi-i-ritardi-generano-preoccupazione-con-il-caso-emblematico-della-romania\/#primaryimage"},"image":{"@id":"https:\/\/www.tva-international.it\/pl\/news\/trasporti-internazionali-e-obbligo-di-aggiornamento-dei-tachigrafi-i-ritardi-generano-preoccupazione-con-il-caso-emblematico-della-romania\/#primaryimage"},"thumbnailUrl":"https:\/\/www.tva-international.it\/app\/uploads\/2024\/11\/foto-per-normativa-tachigrafi-e1731423640211.jpg","datePublished":"2024-11-12T15:00:59+00:00","dateModified":"2024-12-12T10:23:00+00:00","breadcrumb":{"@id":"https:\/\/www.tva-international.it\/pl\/news\/trasporti-internazionali-e-obbligo-di-aggiornamento-dei-tachigrafi-i-ritardi-generano-preoccupazione-con-il-caso-emblematico-della-romania\/#breadcrumb"},"inLanguage":"pl-PL","potentialAction":[{"@type":"ReadAction","target":["https:\/\/www.tva-international.it\/pl\/news\/trasporti-internazionali-e-obbligo-di-aggiornamento-dei-tachigrafi-i-ritardi-generano-preoccupazione-con-il-caso-emblematico-della-romania\/"]}]},{"@type":"ImageObject","inLanguage":"pl-PL","@id":"https:\/\/www.tva-international.it\/pl\/news\/trasporti-internazionali-e-obbligo-di-aggiornamento-dei-tachigrafi-i-ritardi-generano-preoccupazione-con-il-caso-emblematico-della-romania\/#primaryimage","url":"https:\/\/www.tva-international.it\/app\/uploads\/2024\/11\/foto-per-normativa-tachigrafi-e1731423640211.jpg","contentUrl":"https:\/\/www.tva-international.it\/app\/uploads\/2024\/11\/foto-per-normativa-tachigrafi-e1731423640211.jpg","width":1920,"height":1080},{"@type":"BreadcrumbList","@id":"https:\/\/www.tva-international.it\/pl\/news\/trasporti-internazionali-e-obbligo-di-aggiornamento-dei-tachigrafi-i-ritardi-generano-preoccupazione-con-il-caso-emblematico-della-romania\/#breadcrumb","itemListElement":[{"@type":"ListItem","position":1,"name":"Home","item":"https:\/\/www.tva-international.it\/pl\/home\/"},{"@type":"ListItem","position":2,"name":"Transport mi\u0119dzynarodowy i obowi\u0105zek aktualizacji tachograf\u00f3w: op\u00f3\u017anienia budz\u0105 obawy, przyk\u0142ad Rumunii"}]},{"@type":"WebSite","@id":"https:\/\/www.tva-international.it\/pl\/#website","url":"https:\/\/www.tva-international.it\/pl\/","name":"TVA International","description":"Gestione delle pratiche e degli adempimenti necessari per il recupero dell\u2019IVA e delle ACCISE","publisher":{"@id":"https:\/\/www.tva-international.it\/pl\/#organization"},"alternateName":"TVA","potentialAction":[{"@type":"SearchAction","target":{"@type":"EntryPoint","urlTemplate":"https:\/\/www.tva-international.it\/pl\/?s={search_term_string}"},"query-input":{"@type":"PropertyValueSpecification","valueRequired":true,"valueName":"search_term_string"}}],"inLanguage":"pl-PL"},{"@type":"Organization","@id":"https:\/\/www.tva-international.it\/pl\/#organization","name":"TVA International","alternateName":"TVA","url":"https:\/\/www.tva-international.it\/pl\/","logo":{"@type":"ImageObject","inLanguage":"pl-PL","@id":"https:\/\/www.tva-international.it\/pl\/#\/schema\/logo\/image\/","url":"https:\/\/www.tva-international.it\/app\/uploads\/2023\/09\/tva-696x696-1.jpg","contentUrl":"https:\/\/www.tva-international.it\/app\/uploads\/2023\/09\/tva-696x696-1.jpg","width":696,"height":696,"caption":"TVA International"},"image":{"@id":"https:\/\/www.tva-international.it\/pl\/#\/schema\/logo\/image\/"}},{"@type":"Person","@id":"https:\/\/www.tva-international.it\/pl\/#\/schema\/person\/0c9391963b0512bd6418bd67c6c56baa","name":"info@tva-international.it","image":{"@type":"ImageObject","inLanguage":"pl-PL","@id":"https:\/\/www.tva-international.it\/pl\/#\/schema\/person\/image\/","url":"https:\/\/secure.gravatar.com\/avatar\/a90f73b58b0607af614fb83324944e293fb8f20fc912b68e53aaa1a2fe83d01f?s=96&d=mm&r=g","contentUrl":"https:\/\/secure.gravatar.com\/avatar\/a90f73b58b0607af614fb83324944e293fb8f20fc912b68e53aaa1a2fe83d01f?s=96&d=mm&r=g","caption":"info@tva-international.it"}}]}},"_links":{"self":[{"href":"https:\/\/www.tva-international.it\/pl\/wp-json\/wp\/v2\/posts\/2780","targetHints":{"allow":["GET"]}}],"collection":[{"href":"https:\/\/www.tva-international.it\/pl\/wp-json\/wp\/v2\/posts"}],"about":[{"href":"https:\/\/www.tva-international.it\/pl\/wp-json\/wp\/v2\/types\/post"}],"author":[{"embeddable":true,"href":"https:\/\/www.tva-international.it\/pl\/wp-json\/wp\/v2\/users\/5"}],"replies":[{"embeddable":true,"href":"https:\/\/www.tva-international.it\/pl\/wp-json\/wp\/v2\/comments?post=2780"}],"version-history":[{"count":3,"href":"https:\/\/www.tva-international.it\/pl\/wp-json\/wp\/v2\/posts\/2780\/revisions"}],"predecessor-version":[{"id":2903,"href":"https:\/\/www.tva-international.it\/pl\/wp-json\/wp\/v2\/posts\/2780\/revisions\/2903"}],"wp:featuredmedia":[{"embeddable":true,"href":"https:\/\/www.tva-international.it\/pl\/wp-json\/wp\/v2\/media\/2757"}],"wp:attachment":[{"href":"https:\/\/www.tva-international.it\/pl\/wp-json\/wp\/v2\/media?parent=2780"}],"wp:term":[{"taxonomy":"category","embeddable":true,"href":"https:\/\/www.tva-international.it\/pl\/wp-json\/wp\/v2\/categories?post=2780"},{"taxonomy":"post_tag","embeddable":true,"href":"https:\/\/www.tva-international.it\/pl\/wp-json\/wp\/v2\/tags?post=2780"}],"curies":[{"name":"wp","href":"https:\/\/api.w.org\/{rel}","templated":true}]}}