{"id":2779,"date":"2024-11-12T16:00:59","date_gmt":"2024-11-12T15:00:59","guid":{"rendered":"https:\/\/www.tva-international.it\/news\/trasporti-internazionali-e-obbligo-di-aggiornamento-dei-tachigrafi-i-ritardi-generano-preoccupazione-con-il-caso-emblematico-della-romania\/"},"modified":"2024-12-11T10:53:30","modified_gmt":"2024-12-11T09:53:30","slug":"trasporti-internazionali-e-obbligo-di-aggiornamento-dei-tachigrafi-i-ritardi-generano-preoccupazione-con-il-caso-emblematico-della-romania","status":"publish","type":"post","link":"https:\/\/www.tva-international.it\/de\/news\/trasporti-internazionali-e-obbligo-di-aggiornamento-dei-tachigrafi-i-ritardi-generano-preoccupazione-con-il-caso-emblematico-della-romania\/","title":{"rendered":"Grenz\u00fcberschreitender Verkehr und die Verpflichtung zur Aktualisierung von Fahrtenschreibern: Versp\u00e4tungen geben Anlass zur Besorgnis, mit dem emblematischen Fall von Rum\u00e4nien"},"content":{"rendered":"<div class=\"flex-shrink-0 flex flex-col relative items-end\">\n<div class=\"pt-0\">\n<div class=\"gizmo-bot-avatar flex h-8 w-8 items-center justify-center overflow-hidden rounded-full\">\n<div class=\"relative p-1 rounded-sm flex items-center justify-center bg-token-main-surface-primary text-token-text-primary h-8 w-8\">\n<p><strong>Wichtigste Fristen<\/strong><\/p>\n<ul>\n<li><strong>Bis zum 31. Dezember 2024<\/strong> m\u00fcssen alle Fahrzeuge mit analogen oder digitalen nicht-intelligenten Fahrtenschreibern mindestens mit einem intelligenten Fahrtenschreiber der ersten Generation ausgestattet sein, um im Ausland verkehren zu k\u00f6nnen.<\/li>\n<li><strong>Bis zum 18. August 2025<\/strong>: Alle Fahrzeuge mit intelligenten Fahrtenschreibern der ersten Generation m\u00fcssen auf die Version der zweiten Generation (SMART2) umger\u00fcstet werden.<\/li>\n<\/ul>\n<p><strong>Kritische Situation in Rum\u00e4nien<\/strong><\/p>\n<p>In Rum\u00e4nien sind die Verz\u00f6gerungen besonders beunruhigend. Nach Angaben des nationalen Spediteurverbands Untrr sind derzeit nur 10.000 der rund 60.000 im grenz\u00fcberschreitenden Verkehr eingesetzten Fahrzeuge mit dem neuen Fahrtenschreiber der zweiten Generation ausgestattet, w\u00e4hrend rund 17.000 \u00fcber den intelligenten Fahrtenschreiber der ersten Generation verf\u00fcgen.<\/p>\n<p>Erhebungen von Untrr und Iru zeigen, dass auch in vielen anderen europ\u00e4ischen L\u00e4ndern die Verz\u00f6gerungen erheblich sind: nur 6,42 % der europ\u00e4ischen Flotte waren bis September 2024 mit den neuen Fahrtenschreibern ausgestattet. Es besteht die Gefahr, dass eine betr\u00e4chtliche Anzahl von Fahrzeugen die Fristen des ersten Mobilit\u00e4tspakets nicht einhalten wird.<\/p>\n<p><strong>Antr\u00e4ge auf Verl\u00e4ngerung und finanzielle Unterst\u00fctzung<\/strong><\/p>\n<p>Um dieses Problem zu l\u00f6sen, beantragte Untrr bei den rum\u00e4nischen und europ\u00e4ischen Beh\u00f6rden eine Verl\u00e4ngerung um zwei Jahre. Au\u00dferdem schlug sie die Bereitstellung europ\u00e4ischer Mittel vor, um die Unternehmen bei der Deckung der Kosten f\u00fcr die Nachr\u00fcstung zu unterst\u00fctzen, da die Verordnung 1054\/2020 des ersten Mobilit\u00e4tspakets strenge Fristen vorgibt: bis Ende 2024 f\u00fcr nicht-intelligente analoge und digitale Fahrtenschreiber und bis zum 18. August 2025 f\u00fcr solche der ersten Generation.<\/p>\n<\/div>\n<\/div>\n<\/div>\n<\/div>\n","protected":false},"excerpt":{"rendered":"<p>Wichtigste Fristen Bis zum 31. Dezember 2024 m\u00fcssen alle Fahrzeuge mit analogen oder digitalen nicht-intelligenten Fahrtenschreibern mindestens mit einem intelligenten Fahrtenschreiber der ersten Generation ausgestattet sein, um im Ausland verkehren zu k\u00f6nnen. Bis zum 18. August 2025: Alle Fahrzeuge mit intelligenten Fahrtenschreibern der ersten Generation m\u00fcssen auf die Version der zweiten Generation (SMART2) umger\u00fcstet werden. &hellip; <a href=\"https:\/\/www.tva-international.it\/de\/news\/trasporti-internazionali-e-obbligo-di-aggiornamento-dei-tachigrafi-i-ritardi-generano-preoccupazione-con-il-caso-emblematico-della-romania\/\">Continued<\/a><\/p>\n","protected":false},"author":5,"featured_media":2756,"comment_status":"closed","ping_status":"closed","sticky":false,"template":"","format":"standard","meta":{"_acf_changed":false,"footnotes":""},"categories":[40],"tags":[52],"class_list":["post-2779","post","type-post","status-publish","format-standard","has-post-thumbnail","hentry","category-tva-nachrichten","tag-aggiornamento-tachigrafi-de"],"acf":[],"yoast_head":"<!-- This site is optimized with the Yoast SEO plugin v26.0 - https:\/\/yoast.com\/wordpress\/plugins\/seo\/ -->\n<title>Grenz\u00fcberschreitender Verkehr und die Verpflichtung zur Aktualisierung von Fahrtenschreibern: Versp\u00e4tungen geben Anlass zur Besorgnis, mit dem emblematischen Fall von Rum\u00e4nien - TVA International<\/title>\n<meta name=\"robots\" content=\"index, follow, max-snippet:-1, max-image-preview:large, max-video-preview:-1\" \/>\n<link rel=\"canonical\" href=\"https:\/\/www.tva-international.it\/de\/news\/trasporti-internazionali-e-obbligo-di-aggiornamento-dei-tachigrafi-i-ritardi-generano-preoccupazione-con-il-caso-emblematico-della-romania\/\" \/>\n<meta property=\"og:locale\" content=\"de_DE\" \/>\n<meta property=\"og:type\" content=\"article\" \/>\n<meta property=\"og:title\" content=\"Grenz\u00fcberschreitender Verkehr und die Verpflichtung zur Aktualisierung von Fahrtenschreibern: Versp\u00e4tungen geben Anlass zur Besorgnis, mit dem emblematischen Fall von Rum\u00e4nien - TVA International\" \/>\n<meta property=\"og:description\" content=\"Wichtigste Fristen Bis zum 31. Dezember 2024 m\u00fcssen alle Fahrzeuge mit analogen oder digitalen nicht-intelligenten Fahrtenschreibern mindestens mit einem intelligenten Fahrtenschreiber der ersten Generation ausgestattet sein, um im Ausland verkehren zu k\u00f6nnen. Bis zum 18. August 2025: Alle Fahrzeuge mit intelligenten Fahrtenschreibern der ersten Generation m\u00fcssen auf die Version der zweiten Generation (SMART2) umger\u00fcstet werden. &hellip; Continued\" \/>\n<meta property=\"og:url\" content=\"https:\/\/www.tva-international.it\/de\/news\/trasporti-internazionali-e-obbligo-di-aggiornamento-dei-tachigrafi-i-ritardi-generano-preoccupazione-con-il-caso-emblematico-della-romania\/\" \/>\n<meta property=\"og:site_name\" content=\"TVA International\" \/>\n<meta property=\"article:published_time\" content=\"2024-11-12T15:00:59+00:00\" \/>\n<meta property=\"article:modified_time\" content=\"2024-12-11T09:53:30+00:00\" \/>\n<meta property=\"og:image\" content=\"https:\/\/www.tva-international.it\/app\/uploads\/2024\/11\/foto-per-normativa-tachigrafi-e1731423640211.jpg\" \/>\n\t<meta property=\"og:image:width\" content=\"1920\" \/>\n\t<meta property=\"og:image:height\" content=\"1080\" \/>\n\t<meta property=\"og:image:type\" content=\"image\/jpeg\" \/>\n<meta name=\"author\" content=\"info@tva-international.it\" \/>\n<meta name=\"twitter:card\" content=\"summary_large_image\" \/>\n<meta name=\"twitter:label1\" content=\"Verfasst von\" \/>\n\t<meta name=\"twitter:data1\" content=\"info@tva-international.it\" \/>\n\t<meta name=\"twitter:label2\" content=\"Gesch\u00e4tzte Lesezeit\" \/>\n\t<meta name=\"twitter:data2\" content=\"2\u00a0Minuten\" \/>\n<script type=\"application\/ld+json\" class=\"yoast-schema-graph\">{\"@context\":\"https:\/\/schema.org\",\"@graph\":[{\"@type\":\"Article\",\"@id\":\"https:\/\/www.tva-international.it\/de\/news\/trasporti-internazionali-e-obbligo-di-aggiornamento-dei-tachigrafi-i-ritardi-generano-preoccupazione-con-il-caso-emblematico-della-romania\/#article\",\"isPartOf\":{\"@id\":\"https:\/\/www.tva-international.it\/de\/news\/trasporti-internazionali-e-obbligo-di-aggiornamento-dei-tachigrafi-i-ritardi-generano-preoccupazione-con-il-caso-emblematico-della-romania\/\"},\"author\":{\"name\":\"info@tva-international.it\",\"@id\":\"https:\/\/www.tva-international.it\/de\/#\/schema\/person\/0c9391963b0512bd6418bd67c6c56baa\"},\"headline\":\"Grenz\u00fcberschreitender Verkehr und die Verpflichtung zur Aktualisierung von Fahrtenschreibern: Versp\u00e4tungen geben Anlass zur Besorgnis, mit dem emblematischen Fall von Rum\u00e4nien\",\"datePublished\":\"2024-11-12T15:00:59+00:00\",\"dateModified\":\"2024-12-11T09:53:30+00:00\",\"mainEntityOfPage\":{\"@id\":\"https:\/\/www.tva-international.it\/de\/news\/trasporti-internazionali-e-obbligo-di-aggiornamento-dei-tachigrafi-i-ritardi-generano-preoccupazione-con-il-caso-emblematico-della-romania\/\"},\"wordCount\":269,\"publisher\":{\"@id\":\"https:\/\/www.tva-international.it\/de\/#organization\"},\"image\":{\"@id\":\"https:\/\/www.tva-international.it\/de\/news\/trasporti-internazionali-e-obbligo-di-aggiornamento-dei-tachigrafi-i-ritardi-generano-preoccupazione-con-il-caso-emblematico-della-romania\/#primaryimage\"},\"thumbnailUrl\":\"https:\/\/www.tva-international.it\/app\/uploads\/2024\/11\/foto-per-normativa-tachigrafi-e1731423640211.jpg\",\"keywords\":[\"aggiornamento tachigrafi\"],\"articleSection\":[\"TVA-Nachrichten\"],\"inLanguage\":\"de\"},{\"@type\":\"WebPage\",\"@id\":\"https:\/\/www.tva-international.it\/de\/news\/trasporti-internazionali-e-obbligo-di-aggiornamento-dei-tachigrafi-i-ritardi-generano-preoccupazione-con-il-caso-emblematico-della-romania\/\",\"url\":\"https:\/\/www.tva-international.it\/de\/news\/trasporti-internazionali-e-obbligo-di-aggiornamento-dei-tachigrafi-i-ritardi-generano-preoccupazione-con-il-caso-emblematico-della-romania\/\",\"name\":\"Grenz\u00fcberschreitender Verkehr und die Verpflichtung zur Aktualisierung von Fahrtenschreibern: Versp\u00e4tungen geben Anlass zur Besorgnis, mit dem emblematischen Fall von Rum\u00e4nien - TVA International\",\"isPartOf\":{\"@id\":\"https:\/\/www.tva-international.it\/de\/#website\"},\"primaryImageOfPage\":{\"@id\":\"https:\/\/www.tva-international.it\/de\/news\/trasporti-internazionali-e-obbligo-di-aggiornamento-dei-tachigrafi-i-ritardi-generano-preoccupazione-con-il-caso-emblematico-della-romania\/#primaryimage\"},\"image\":{\"@id\":\"https:\/\/www.tva-international.it\/de\/news\/trasporti-internazionali-e-obbligo-di-aggiornamento-dei-tachigrafi-i-ritardi-generano-preoccupazione-con-il-caso-emblematico-della-romania\/#primaryimage\"},\"thumbnailUrl\":\"https:\/\/www.tva-international.it\/app\/uploads\/2024\/11\/foto-per-normativa-tachigrafi-e1731423640211.jpg\",\"datePublished\":\"2024-11-12T15:00:59+00:00\",\"dateModified\":\"2024-12-11T09:53:30+00:00\",\"breadcrumb\":{\"@id\":\"https:\/\/www.tva-international.it\/de\/news\/trasporti-internazionali-e-obbligo-di-aggiornamento-dei-tachigrafi-i-ritardi-generano-preoccupazione-con-il-caso-emblematico-della-romania\/#breadcrumb\"},\"inLanguage\":\"de\",\"potentialAction\":[{\"@type\":\"ReadAction\",\"target\":[\"https:\/\/www.tva-international.it\/de\/news\/trasporti-internazionali-e-obbligo-di-aggiornamento-dei-tachigrafi-i-ritardi-generano-preoccupazione-con-il-caso-emblematico-della-romania\/\"]}]},{\"@type\":\"ImageObject\",\"inLanguage\":\"de\",\"@id\":\"https:\/\/www.tva-international.it\/de\/news\/trasporti-internazionali-e-obbligo-di-aggiornamento-dei-tachigrafi-i-ritardi-generano-preoccupazione-con-il-caso-emblematico-della-romania\/#primaryimage\",\"url\":\"https:\/\/www.tva-international.it\/app\/uploads\/2024\/11\/foto-per-normativa-tachigrafi-e1731423640211.jpg\",\"contentUrl\":\"https:\/\/www.tva-international.it\/app\/uploads\/2024\/11\/foto-per-normativa-tachigrafi-e1731423640211.jpg\",\"width\":1920,\"height\":1080},{\"@type\":\"BreadcrumbList\",\"@id\":\"https:\/\/www.tva-international.it\/de\/news\/trasporti-internazionali-e-obbligo-di-aggiornamento-dei-tachigrafi-i-ritardi-generano-preoccupazione-con-il-caso-emblematico-della-romania\/#breadcrumb\",\"itemListElement\":[{\"@type\":\"ListItem\",\"position\":1,\"name\":\"Home\",\"item\":\"https:\/\/www.tva-international.it\/de\/\"},{\"@type\":\"ListItem\",\"position\":2,\"name\":\"Grenz\u00fcberschreitender Verkehr und die Verpflichtung zur Aktualisierung von Fahrtenschreibern: Versp\u00e4tungen geben Anlass zur Besorgnis, mit dem emblematischen Fall von Rum\u00e4nien\"}]},{\"@type\":\"WebSite\",\"@id\":\"https:\/\/www.tva-international.it\/de\/#website\",\"url\":\"https:\/\/www.tva-international.it\/de\/\",\"name\":\"TVA International\",\"description\":\"Gestione delle pratiche e degli adempimenti necessari per il recupero dell\u2019IVA e delle ACCISE\",\"publisher\":{\"@id\":\"https:\/\/www.tva-international.it\/de\/#organization\"},\"alternateName\":\"TVA\",\"potentialAction\":[{\"@type\":\"SearchAction\",\"target\":{\"@type\":\"EntryPoint\",\"urlTemplate\":\"https:\/\/www.tva-international.it\/de\/?s={search_term_string}\"},\"query-input\":{\"@type\":\"PropertyValueSpecification\",\"valueRequired\":true,\"valueName\":\"search_term_string\"}}],\"inLanguage\":\"de\"},{\"@type\":\"Organization\",\"@id\":\"https:\/\/www.tva-international.it\/de\/#organization\",\"name\":\"TVA International\",\"alternateName\":\"TVA\",\"url\":\"https:\/\/www.tva-international.it\/de\/\",\"logo\":{\"@type\":\"ImageObject\",\"inLanguage\":\"de\",\"@id\":\"https:\/\/www.tva-international.it\/de\/#\/schema\/logo\/image\/\",\"url\":\"https:\/\/www.tva-international.it\/app\/uploads\/2023\/09\/tva-696x696-1.jpg\",\"contentUrl\":\"https:\/\/www.tva-international.it\/app\/uploads\/2023\/09\/tva-696x696-1.jpg\",\"width\":696,\"height\":696,\"caption\":\"TVA International\"},\"image\":{\"@id\":\"https:\/\/www.tva-international.it\/de\/#\/schema\/logo\/image\/\"}},{\"@type\":\"Person\",\"@id\":\"https:\/\/www.tva-international.it\/de\/#\/schema\/person\/0c9391963b0512bd6418bd67c6c56baa\",\"name\":\"info@tva-international.it\",\"image\":{\"@type\":\"ImageObject\",\"inLanguage\":\"de\",\"@id\":\"https:\/\/www.tva-international.it\/de\/#\/schema\/person\/image\/\",\"url\":\"https:\/\/secure.gravatar.com\/avatar\/a90f73b58b0607af614fb83324944e293fb8f20fc912b68e53aaa1a2fe83d01f?s=96&d=mm&r=g\",\"contentUrl\":\"https:\/\/secure.gravatar.com\/avatar\/a90f73b58b0607af614fb83324944e293fb8f20fc912b68e53aaa1a2fe83d01f?s=96&d=mm&r=g\",\"caption\":\"info@tva-international.it\"}}]}<\/script>\n<!-- \/ Yoast SEO plugin. -->","yoast_head_json":{"title":"Grenz\u00fcberschreitender Verkehr und die Verpflichtung zur Aktualisierung von Fahrtenschreibern: Versp\u00e4tungen geben Anlass zur Besorgnis, mit dem emblematischen Fall von Rum\u00e4nien - TVA International","robots":{"index":"index","follow":"follow","max-snippet":"max-snippet:-1","max-image-preview":"max-image-preview:large","max-video-preview":"max-video-preview:-1"},"canonical":"https:\/\/www.tva-international.it\/de\/news\/trasporti-internazionali-e-obbligo-di-aggiornamento-dei-tachigrafi-i-ritardi-generano-preoccupazione-con-il-caso-emblematico-della-romania\/","og_locale":"de_DE","og_type":"article","og_title":"Grenz\u00fcberschreitender Verkehr und die Verpflichtung zur Aktualisierung von Fahrtenschreibern: Versp\u00e4tungen geben Anlass zur Besorgnis, mit dem emblematischen Fall von Rum\u00e4nien - TVA International","og_description":"Wichtigste Fristen Bis zum 31. Dezember 2024 m\u00fcssen alle Fahrzeuge mit analogen oder digitalen nicht-intelligenten Fahrtenschreibern mindestens mit einem intelligenten Fahrtenschreiber der ersten Generation ausgestattet sein, um im Ausland verkehren zu k\u00f6nnen. Bis zum 18. August 2025: Alle Fahrzeuge mit intelligenten Fahrtenschreibern der ersten Generation m\u00fcssen auf die Version der zweiten Generation (SMART2) umger\u00fcstet werden. &hellip; Continued","og_url":"https:\/\/www.tva-international.it\/de\/news\/trasporti-internazionali-e-obbligo-di-aggiornamento-dei-tachigrafi-i-ritardi-generano-preoccupazione-con-il-caso-emblematico-della-romania\/","og_site_name":"TVA International","article_published_time":"2024-11-12T15:00:59+00:00","article_modified_time":"2024-12-11T09:53:30+00:00","og_image":[{"width":1920,"height":1080,"url":"https:\/\/www.tva-international.it\/app\/uploads\/2024\/11\/foto-per-normativa-tachigrafi-e1731423640211.jpg","type":"image\/jpeg"}],"author":"info@tva-international.it","twitter_card":"summary_large_image","twitter_misc":{"Verfasst von":"info@tva-international.it","Gesch\u00e4tzte Lesezeit":"2\u00a0Minuten"},"schema":{"@context":"https:\/\/schema.org","@graph":[{"@type":"Article","@id":"https:\/\/www.tva-international.it\/de\/news\/trasporti-internazionali-e-obbligo-di-aggiornamento-dei-tachigrafi-i-ritardi-generano-preoccupazione-con-il-caso-emblematico-della-romania\/#article","isPartOf":{"@id":"https:\/\/www.tva-international.it\/de\/news\/trasporti-internazionali-e-obbligo-di-aggiornamento-dei-tachigrafi-i-ritardi-generano-preoccupazione-con-il-caso-emblematico-della-romania\/"},"author":{"name":"info@tva-international.it","@id":"https:\/\/www.tva-international.it\/de\/#\/schema\/person\/0c9391963b0512bd6418bd67c6c56baa"},"headline":"Grenz\u00fcberschreitender Verkehr und die Verpflichtung zur Aktualisierung von Fahrtenschreibern: Versp\u00e4tungen geben Anlass zur Besorgnis, mit dem emblematischen Fall von Rum\u00e4nien","datePublished":"2024-11-12T15:00:59+00:00","dateModified":"2024-12-11T09:53:30+00:00","mainEntityOfPage":{"@id":"https:\/\/www.tva-international.it\/de\/news\/trasporti-internazionali-e-obbligo-di-aggiornamento-dei-tachigrafi-i-ritardi-generano-preoccupazione-con-il-caso-emblematico-della-romania\/"},"wordCount":269,"publisher":{"@id":"https:\/\/www.tva-international.it\/de\/#organization"},"image":{"@id":"https:\/\/www.tva-international.it\/de\/news\/trasporti-internazionali-e-obbligo-di-aggiornamento-dei-tachigrafi-i-ritardi-generano-preoccupazione-con-il-caso-emblematico-della-romania\/#primaryimage"},"thumbnailUrl":"https:\/\/www.tva-international.it\/app\/uploads\/2024\/11\/foto-per-normativa-tachigrafi-e1731423640211.jpg","keywords":["aggiornamento tachigrafi"],"articleSection":["TVA-Nachrichten"],"inLanguage":"de"},{"@type":"WebPage","@id":"https:\/\/www.tva-international.it\/de\/news\/trasporti-internazionali-e-obbligo-di-aggiornamento-dei-tachigrafi-i-ritardi-generano-preoccupazione-con-il-caso-emblematico-della-romania\/","url":"https:\/\/www.tva-international.it\/de\/news\/trasporti-internazionali-e-obbligo-di-aggiornamento-dei-tachigrafi-i-ritardi-generano-preoccupazione-con-il-caso-emblematico-della-romania\/","name":"Grenz\u00fcberschreitender Verkehr und die Verpflichtung zur Aktualisierung von Fahrtenschreibern: Versp\u00e4tungen geben Anlass zur Besorgnis, mit dem emblematischen Fall von Rum\u00e4nien - TVA International","isPartOf":{"@id":"https:\/\/www.tva-international.it\/de\/#website"},"primaryImageOfPage":{"@id":"https:\/\/www.tva-international.it\/de\/news\/trasporti-internazionali-e-obbligo-di-aggiornamento-dei-tachigrafi-i-ritardi-generano-preoccupazione-con-il-caso-emblematico-della-romania\/#primaryimage"},"image":{"@id":"https:\/\/www.tva-international.it\/de\/news\/trasporti-internazionali-e-obbligo-di-aggiornamento-dei-tachigrafi-i-ritardi-generano-preoccupazione-con-il-caso-emblematico-della-romania\/#primaryimage"},"thumbnailUrl":"https:\/\/www.tva-international.it\/app\/uploads\/2024\/11\/foto-per-normativa-tachigrafi-e1731423640211.jpg","datePublished":"2024-11-12T15:00:59+00:00","dateModified":"2024-12-11T09:53:30+00:00","breadcrumb":{"@id":"https:\/\/www.tva-international.it\/de\/news\/trasporti-internazionali-e-obbligo-di-aggiornamento-dei-tachigrafi-i-ritardi-generano-preoccupazione-con-il-caso-emblematico-della-romania\/#breadcrumb"},"inLanguage":"de","potentialAction":[{"@type":"ReadAction","target":["https:\/\/www.tva-international.it\/de\/news\/trasporti-internazionali-e-obbligo-di-aggiornamento-dei-tachigrafi-i-ritardi-generano-preoccupazione-con-il-caso-emblematico-della-romania\/"]}]},{"@type":"ImageObject","inLanguage":"de","@id":"https:\/\/www.tva-international.it\/de\/news\/trasporti-internazionali-e-obbligo-di-aggiornamento-dei-tachigrafi-i-ritardi-generano-preoccupazione-con-il-caso-emblematico-della-romania\/#primaryimage","url":"https:\/\/www.tva-international.it\/app\/uploads\/2024\/11\/foto-per-normativa-tachigrafi-e1731423640211.jpg","contentUrl":"https:\/\/www.tva-international.it\/app\/uploads\/2024\/11\/foto-per-normativa-tachigrafi-e1731423640211.jpg","width":1920,"height":1080},{"@type":"BreadcrumbList","@id":"https:\/\/www.tva-international.it\/de\/news\/trasporti-internazionali-e-obbligo-di-aggiornamento-dei-tachigrafi-i-ritardi-generano-preoccupazione-con-il-caso-emblematico-della-romania\/#breadcrumb","itemListElement":[{"@type":"ListItem","position":1,"name":"Home","item":"https:\/\/www.tva-international.it\/de\/"},{"@type":"ListItem","position":2,"name":"Grenz\u00fcberschreitender Verkehr und die Verpflichtung zur Aktualisierung von Fahrtenschreibern: Versp\u00e4tungen geben Anlass zur Besorgnis, mit dem emblematischen Fall von Rum\u00e4nien"}]},{"@type":"WebSite","@id":"https:\/\/www.tva-international.it\/de\/#website","url":"https:\/\/www.tva-international.it\/de\/","name":"TVA International","description":"Gestione delle pratiche e degli adempimenti necessari per il recupero dell\u2019IVA e delle ACCISE","publisher":{"@id":"https:\/\/www.tva-international.it\/de\/#organization"},"alternateName":"TVA","potentialAction":[{"@type":"SearchAction","target":{"@type":"EntryPoint","urlTemplate":"https:\/\/www.tva-international.it\/de\/?s={search_term_string}"},"query-input":{"@type":"PropertyValueSpecification","valueRequired":true,"valueName":"search_term_string"}}],"inLanguage":"de"},{"@type":"Organization","@id":"https:\/\/www.tva-international.it\/de\/#organization","name":"TVA International","alternateName":"TVA","url":"https:\/\/www.tva-international.it\/de\/","logo":{"@type":"ImageObject","inLanguage":"de","@id":"https:\/\/www.tva-international.it\/de\/#\/schema\/logo\/image\/","url":"https:\/\/www.tva-international.it\/app\/uploads\/2023\/09\/tva-696x696-1.jpg","contentUrl":"https:\/\/www.tva-international.it\/app\/uploads\/2023\/09\/tva-696x696-1.jpg","width":696,"height":696,"caption":"TVA International"},"image":{"@id":"https:\/\/www.tva-international.it\/de\/#\/schema\/logo\/image\/"}},{"@type":"Person","@id":"https:\/\/www.tva-international.it\/de\/#\/schema\/person\/0c9391963b0512bd6418bd67c6c56baa","name":"info@tva-international.it","image":{"@type":"ImageObject","inLanguage":"de","@id":"https:\/\/www.tva-international.it\/de\/#\/schema\/person\/image\/","url":"https:\/\/secure.gravatar.com\/avatar\/a90f73b58b0607af614fb83324944e293fb8f20fc912b68e53aaa1a2fe83d01f?s=96&d=mm&r=g","contentUrl":"https:\/\/secure.gravatar.com\/avatar\/a90f73b58b0607af614fb83324944e293fb8f20fc912b68e53aaa1a2fe83d01f?s=96&d=mm&r=g","caption":"info@tva-international.it"}}]}},"_links":{"self":[{"href":"https:\/\/www.tva-international.it\/de\/wp-json\/wp\/v2\/posts\/2779","targetHints":{"allow":["GET"]}}],"collection":[{"href":"https:\/\/www.tva-international.it\/de\/wp-json\/wp\/v2\/posts"}],"about":[{"href":"https:\/\/www.tva-international.it\/de\/wp-json\/wp\/v2\/types\/post"}],"author":[{"embeddable":true,"href":"https:\/\/www.tva-international.it\/de\/wp-json\/wp\/v2\/users\/5"}],"replies":[{"embeddable":true,"href":"https:\/\/www.tva-international.it\/de\/wp-json\/wp\/v2\/comments?post=2779"}],"version-history":[{"count":1,"href":"https:\/\/www.tva-international.it\/de\/wp-json\/wp\/v2\/posts\/2779\/revisions"}],"predecessor-version":[{"id":2829,"href":"https:\/\/www.tva-international.it\/de\/wp-json\/wp\/v2\/posts\/2779\/revisions\/2829"}],"wp:featuredmedia":[{"embeddable":true,"href":"https:\/\/www.tva-international.it\/de\/wp-json\/wp\/v2\/media\/2756"}],"wp:attachment":[{"href":"https:\/\/www.tva-international.it\/de\/wp-json\/wp\/v2\/media?parent=2779"}],"wp:term":[{"taxonomy":"category","embeddable":true,"href":"https:\/\/www.tva-international.it\/de\/wp-json\/wp\/v2\/categories?post=2779"},{"taxonomy":"post_tag","embeddable":true,"href":"https:\/\/www.tva-international.it\/de\/wp-json\/wp\/v2\/tags?post=2779"}],"curies":[{"name":"wp","href":"https:\/\/api.w.org\/{rel}","templated":true}]}}