{"id":2448,"date":"2022-11-16T15:00:03","date_gmt":"2022-11-16T14:00:03","guid":{"rendered":"https:\/\/www.tva-international.it\/news\/carenza-autisti-bonus-patente-per-i-giovani\/"},"modified":"2023-09-26T23:47:02","modified_gmt":"2023-09-26T21:47:02","slug":"carenza-autisti-bonus-patente-per-i-giovani","status":"publish","type":"post","link":"https:\/\/www.tva-international.it\/de\/news\/carenza-autisti-bonus-patente-per-i-giovani\/","title":{"rendered":"Fahrermangel: F\u00fchrerscheinbonus f\u00fcr Jugendliche"},"content":{"rendered":"<p>Die Regierung hat von 2022 bis 2026 25,3 Millionen Euro f\u00fcr ein Programm bereitgestellt, das jungen Menschen zwischen 18 und 35 Jahren, die einen F\u00fchrerschein und einen Berufsabschluss anstreben, einen Gutschein in H\u00f6he von maximal 2.500 Euro zur Verf\u00fcgung stellt.<\/p>\n<p>Das <em>\u201eJungf\u00fchrerscheinprogramm Stra\u00dfenverkehr\u201c<\/em> stellt <strong>3,7 Millionen Euro f\u00fcr das Jahr 2022 und 5,4 Millionen f\u00fcr alle Folgejahre bis 2026 bereit.<\/strong><\/p>\n<p><strong>Die Details<\/strong><\/p>\n<p>Die Ma\u00dfnahme sieht eine nicht r\u00fcckzahlbare <strong>Erstattung von bis zu 80 %<\/strong> der Kosten vor, die f\u00fcr den Erwerb der <strong>Lizenzen der Kategorie C oder E<\/strong> mit den entsprechenden Qualifikationen (z. B Beispiel: CQC). Der Antrag auf Erstattung der Kosten f\u00fcr den Erwerb des Kraftfahrzeugf\u00fchrerscheins (Kategorie B) ist nicht zul\u00e4ssig.<\/p>\n<p><strong>Die Voraussetzungen f\u00fcr die Beantragung einer R\u00fcckerstattung<\/strong><\/p>\n<p><strong>Alle Jugendlichen im Alter zwischen 18 und 36 Jahren k\u00f6nnen die R\u00fcckerstattung erhalten,<\/strong> sofern sie <strong>arbeitslos sind oder \u00fcber ein Staatsb\u00fcrgerschaftseinkommen verf\u00fcgen.<\/strong> F\u00fcr den F\u00fchrerscheinbonus ist die Vorlage des ISEE nicht erforderlich .<\/p>\n<p><strong>So reichen Sie den Antrag ein<\/strong><\/p>\n<p>Im Zeitraum <strong>vom 1. Juli 2022 bis 31. Dezember 2026<\/strong> k\u00f6nnen alle Jugendlichen eine Erstattung der Kosten f\u00fcr den Erwerb des F\u00fchrerscheins beantragen.<\/p>\n<p>Die <strong>Einreichungsmodalit\u00e4ten<\/strong> werden durch die Durchf\u00fchrungsverordnung des zust\u00e4ndigen Ministeriums pr\u00e4zisiert, das voraussichtlich eine Online-Plattform f\u00fcr die Beantragung von Erstattungen einrichten wird.<\/p>\n<h6>Quelle: goliaweb.it<\/h6>\n","protected":false},"excerpt":{"rendered":"<p>Die Regierung hat von 2022 bis 2026 25,3 Millionen Euro f\u00fcr ein Programm bereitgestellt, das jungen Menschen zwischen 18 und 35 Jahren, die einen F\u00fchrerschein und einen Berufsabschluss anstreben, einen Gutschein in H\u00f6he von maximal 2.500 Euro zur Verf\u00fcgung stellt. Das \u201eJungf\u00fchrerscheinprogramm Stra\u00dfenverkehr\u201c stellt 3,7 Millionen Euro f\u00fcr das Jahr 2022 und 5,4 Millionen f\u00fcr &hellip; <a href=\"https:\/\/www.tva-international.it\/de\/news\/carenza-autisti-bonus-patente-per-i-giovani\/\">Continued<\/a><\/p>\n","protected":false},"author":3,"featured_media":1019,"comment_status":"closed","ping_status":"closed","sticky":false,"template":"","format":"standard","meta":{"_acf_changed":false,"footnotes":""},"categories":[40,13],"tags":[],"class_list":["post-2448","post","type-post","status-publish","format-standard","has-post-thumbnail","hentry","category-tva-nachrichten","category-unkategorisiert"],"acf":[],"yoast_head":"<!-- This site is optimized with the Yoast SEO plugin v26.0 - https:\/\/yoast.com\/wordpress\/plugins\/seo\/ -->\n<title>Fahrermangel: F\u00fchrerscheinbonus f\u00fcr Jugendliche - TVA International<\/title>\n<meta name=\"robots\" content=\"index, follow, max-snippet:-1, max-image-preview:large, max-video-preview:-1\" \/>\n<link rel=\"canonical\" href=\"https:\/\/www.tva-international.it\/de\/news\/carenza-autisti-bonus-patente-per-i-giovani\/\" \/>\n<meta property=\"og:locale\" content=\"de_DE\" \/>\n<meta property=\"og:type\" content=\"article\" \/>\n<meta property=\"og:title\" content=\"Fahrermangel: F\u00fchrerscheinbonus f\u00fcr Jugendliche - TVA International\" \/>\n<meta property=\"og:description\" content=\"Die Regierung hat von 2022 bis 2026 25,3 Millionen Euro f\u00fcr ein Programm bereitgestellt, das jungen Menschen zwischen 18 und 35 Jahren, die einen F\u00fchrerschein und einen Berufsabschluss anstreben, einen Gutschein in H\u00f6he von maximal 2.500 Euro zur Verf\u00fcgung stellt. Das \u201eJungf\u00fchrerscheinprogramm Stra\u00dfenverkehr\u201c stellt 3,7 Millionen Euro f\u00fcr das Jahr 2022 und 5,4 Millionen f\u00fcr &hellip; Continued\" \/>\n<meta property=\"og:url\" content=\"https:\/\/www.tva-international.it\/de\/news\/carenza-autisti-bonus-patente-per-i-giovani\/\" \/>\n<meta property=\"og:site_name\" content=\"TVA International\" \/>\n<meta property=\"article:published_time\" content=\"2022-11-16T14:00:03+00:00\" \/>\n<meta property=\"article:modified_time\" content=\"2023-09-26T21:47:02+00:00\" \/>\n<meta property=\"og:image\" content=\"https:\/\/www.tva-international.it\/app\/uploads\/2022\/11\/bonus-patente-giovani.jpg\" \/>\n\t<meta property=\"og:image:width\" content=\"792\" \/>\n\t<meta property=\"og:image:height\" content=\"509\" \/>\n\t<meta property=\"og:image:type\" content=\"image\/jpeg\" \/>\n<meta name=\"author\" content=\"Rita\" \/>\n<meta name=\"twitter:card\" content=\"summary_large_image\" \/>\n<meta name=\"twitter:label1\" content=\"Verfasst von\" \/>\n\t<meta name=\"twitter:data1\" content=\"Rita\" \/>\n\t<meta name=\"twitter:label2\" content=\"Gesch\u00e4tzte Lesezeit\" \/>\n\t<meta name=\"twitter:data2\" content=\"2\u00a0Minuten\" \/>\n<script type=\"application\/ld+json\" class=\"yoast-schema-graph\">{\"@context\":\"https:\/\/schema.org\",\"@graph\":[{\"@type\":\"Article\",\"@id\":\"https:\/\/www.tva-international.it\/de\/news\/carenza-autisti-bonus-patente-per-i-giovani\/#article\",\"isPartOf\":{\"@id\":\"https:\/\/www.tva-international.it\/de\/news\/carenza-autisti-bonus-patente-per-i-giovani\/\"},\"author\":{\"name\":\"Rita\",\"@id\":\"https:\/\/www.tva-international.it\/de\/#\/schema\/person\/45d884c76814b1cc4c726bf798a1eb0b\"},\"headline\":\"Fahrermangel: F\u00fchrerscheinbonus f\u00fcr Jugendliche\",\"datePublished\":\"2022-11-16T14:00:03+00:00\",\"dateModified\":\"2023-09-26T21:47:02+00:00\",\"mainEntityOfPage\":{\"@id\":\"https:\/\/www.tva-international.it\/de\/news\/carenza-autisti-bonus-patente-per-i-giovani\/\"},\"wordCount\":222,\"publisher\":{\"@id\":\"https:\/\/www.tva-international.it\/de\/#organization\"},\"image\":{\"@id\":\"https:\/\/www.tva-international.it\/de\/news\/carenza-autisti-bonus-patente-per-i-giovani\/#primaryimage\"},\"thumbnailUrl\":\"https:\/\/www.tva-international.it\/app\/uploads\/2022\/11\/bonus-patente-giovani.jpg\",\"articleSection\":[\"TVA-Nachrichten\",\"Unkategorisiert\"],\"inLanguage\":\"de\"},{\"@type\":\"WebPage\",\"@id\":\"https:\/\/www.tva-international.it\/de\/news\/carenza-autisti-bonus-patente-per-i-giovani\/\",\"url\":\"https:\/\/www.tva-international.it\/de\/news\/carenza-autisti-bonus-patente-per-i-giovani\/\",\"name\":\"Fahrermangel: F\u00fchrerscheinbonus f\u00fcr Jugendliche - TVA International\",\"isPartOf\":{\"@id\":\"https:\/\/www.tva-international.it\/de\/#website\"},\"primaryImageOfPage\":{\"@id\":\"https:\/\/www.tva-international.it\/de\/news\/carenza-autisti-bonus-patente-per-i-giovani\/#primaryimage\"},\"image\":{\"@id\":\"https:\/\/www.tva-international.it\/de\/news\/carenza-autisti-bonus-patente-per-i-giovani\/#primaryimage\"},\"thumbnailUrl\":\"https:\/\/www.tva-international.it\/app\/uploads\/2022\/11\/bonus-patente-giovani.jpg\",\"datePublished\":\"2022-11-16T14:00:03+00:00\",\"dateModified\":\"2023-09-26T21:47:02+00:00\",\"breadcrumb\":{\"@id\":\"https:\/\/www.tva-international.it\/de\/news\/carenza-autisti-bonus-patente-per-i-giovani\/#breadcrumb\"},\"inLanguage\":\"de\",\"potentialAction\":[{\"@type\":\"ReadAction\",\"target\":[\"https:\/\/www.tva-international.it\/de\/news\/carenza-autisti-bonus-patente-per-i-giovani\/\"]}]},{\"@type\":\"ImageObject\",\"inLanguage\":\"de\",\"@id\":\"https:\/\/www.tva-international.it\/de\/news\/carenza-autisti-bonus-patente-per-i-giovani\/#primaryimage\",\"url\":\"https:\/\/www.tva-international.it\/app\/uploads\/2022\/11\/bonus-patente-giovani.jpg\",\"contentUrl\":\"https:\/\/www.tva-international.it\/app\/uploads\/2022\/11\/bonus-patente-giovani.jpg\",\"width\":792,\"height\":509},{\"@type\":\"BreadcrumbList\",\"@id\":\"https:\/\/www.tva-international.it\/de\/news\/carenza-autisti-bonus-patente-per-i-giovani\/#breadcrumb\",\"itemListElement\":[{\"@type\":\"ListItem\",\"position\":1,\"name\":\"Home\",\"item\":\"https:\/\/www.tva-international.it\/de\/\"},{\"@type\":\"ListItem\",\"position\":2,\"name\":\"Fahrermangel: F\u00fchrerscheinbonus f\u00fcr Jugendliche\"}]},{\"@type\":\"WebSite\",\"@id\":\"https:\/\/www.tva-international.it\/de\/#website\",\"url\":\"https:\/\/www.tva-international.it\/de\/\",\"name\":\"TVA International\",\"description\":\"Gestione delle pratiche e degli adempimenti necessari per il recupero dell\u2019IVA e delle ACCISE\",\"publisher\":{\"@id\":\"https:\/\/www.tva-international.it\/de\/#organization\"},\"alternateName\":\"TVA\",\"potentialAction\":[{\"@type\":\"SearchAction\",\"target\":{\"@type\":\"EntryPoint\",\"urlTemplate\":\"https:\/\/www.tva-international.it\/de\/?s={search_term_string}\"},\"query-input\":{\"@type\":\"PropertyValueSpecification\",\"valueRequired\":true,\"valueName\":\"search_term_string\"}}],\"inLanguage\":\"de\"},{\"@type\":\"Organization\",\"@id\":\"https:\/\/www.tva-international.it\/de\/#organization\",\"name\":\"TVA International\",\"alternateName\":\"TVA\",\"url\":\"https:\/\/www.tva-international.it\/de\/\",\"logo\":{\"@type\":\"ImageObject\",\"inLanguage\":\"de\",\"@id\":\"https:\/\/www.tva-international.it\/de\/#\/schema\/logo\/image\/\",\"url\":\"https:\/\/www.tva-international.it\/app\/uploads\/2023\/09\/tva-696x696-1.jpg\",\"contentUrl\":\"https:\/\/www.tva-international.it\/app\/uploads\/2023\/09\/tva-696x696-1.jpg\",\"width\":696,\"height\":696,\"caption\":\"TVA International\"},\"image\":{\"@id\":\"https:\/\/www.tva-international.it\/de\/#\/schema\/logo\/image\/\"}},{\"@type\":\"Person\",\"@id\":\"https:\/\/www.tva-international.it\/de\/#\/schema\/person\/45d884c76814b1cc4c726bf798a1eb0b\",\"name\":\"Rita\",\"image\":{\"@type\":\"ImageObject\",\"inLanguage\":\"de\",\"@id\":\"https:\/\/www.tva-international.it\/de\/#\/schema\/person\/image\/\",\"url\":\"https:\/\/secure.gravatar.com\/avatar\/eaf961e8190d6d0120c08d6072295731f94aba695e80ef7d58f475cc6a1edac9?s=96&d=mm&r=g\",\"contentUrl\":\"https:\/\/secure.gravatar.com\/avatar\/eaf961e8190d6d0120c08d6072295731f94aba695e80ef7d58f475cc6a1edac9?s=96&d=mm&r=g\",\"caption\":\"Rita\"}}]}<\/script>\n<!-- \/ Yoast SEO plugin. -->","yoast_head_json":{"title":"Fahrermangel: F\u00fchrerscheinbonus f\u00fcr Jugendliche - TVA International","robots":{"index":"index","follow":"follow","max-snippet":"max-snippet:-1","max-image-preview":"max-image-preview:large","max-video-preview":"max-video-preview:-1"},"canonical":"https:\/\/www.tva-international.it\/de\/news\/carenza-autisti-bonus-patente-per-i-giovani\/","og_locale":"de_DE","og_type":"article","og_title":"Fahrermangel: F\u00fchrerscheinbonus f\u00fcr Jugendliche - TVA International","og_description":"Die Regierung hat von 2022 bis 2026 25,3 Millionen Euro f\u00fcr ein Programm bereitgestellt, das jungen Menschen zwischen 18 und 35 Jahren, die einen F\u00fchrerschein und einen Berufsabschluss anstreben, einen Gutschein in H\u00f6he von maximal 2.500 Euro zur Verf\u00fcgung stellt. Das \u201eJungf\u00fchrerscheinprogramm Stra\u00dfenverkehr\u201c stellt 3,7 Millionen Euro f\u00fcr das Jahr 2022 und 5,4 Millionen f\u00fcr &hellip; Continued","og_url":"https:\/\/www.tva-international.it\/de\/news\/carenza-autisti-bonus-patente-per-i-giovani\/","og_site_name":"TVA International","article_published_time":"2022-11-16T14:00:03+00:00","article_modified_time":"2023-09-26T21:47:02+00:00","og_image":[{"width":792,"height":509,"url":"https:\/\/www.tva-international.it\/app\/uploads\/2022\/11\/bonus-patente-giovani.jpg","type":"image\/jpeg"}],"author":"Rita","twitter_card":"summary_large_image","twitter_misc":{"Verfasst von":"Rita","Gesch\u00e4tzte Lesezeit":"2\u00a0Minuten"},"schema":{"@context":"https:\/\/schema.org","@graph":[{"@type":"Article","@id":"https:\/\/www.tva-international.it\/de\/news\/carenza-autisti-bonus-patente-per-i-giovani\/#article","isPartOf":{"@id":"https:\/\/www.tva-international.it\/de\/news\/carenza-autisti-bonus-patente-per-i-giovani\/"},"author":{"name":"Rita","@id":"https:\/\/www.tva-international.it\/de\/#\/schema\/person\/45d884c76814b1cc4c726bf798a1eb0b"},"headline":"Fahrermangel: F\u00fchrerscheinbonus f\u00fcr Jugendliche","datePublished":"2022-11-16T14:00:03+00:00","dateModified":"2023-09-26T21:47:02+00:00","mainEntityOfPage":{"@id":"https:\/\/www.tva-international.it\/de\/news\/carenza-autisti-bonus-patente-per-i-giovani\/"},"wordCount":222,"publisher":{"@id":"https:\/\/www.tva-international.it\/de\/#organization"},"image":{"@id":"https:\/\/www.tva-international.it\/de\/news\/carenza-autisti-bonus-patente-per-i-giovani\/#primaryimage"},"thumbnailUrl":"https:\/\/www.tva-international.it\/app\/uploads\/2022\/11\/bonus-patente-giovani.jpg","articleSection":["TVA-Nachrichten","Unkategorisiert"],"inLanguage":"de"},{"@type":"WebPage","@id":"https:\/\/www.tva-international.it\/de\/news\/carenza-autisti-bonus-patente-per-i-giovani\/","url":"https:\/\/www.tva-international.it\/de\/news\/carenza-autisti-bonus-patente-per-i-giovani\/","name":"Fahrermangel: F\u00fchrerscheinbonus f\u00fcr Jugendliche - TVA International","isPartOf":{"@id":"https:\/\/www.tva-international.it\/de\/#website"},"primaryImageOfPage":{"@id":"https:\/\/www.tva-international.it\/de\/news\/carenza-autisti-bonus-patente-per-i-giovani\/#primaryimage"},"image":{"@id":"https:\/\/www.tva-international.it\/de\/news\/carenza-autisti-bonus-patente-per-i-giovani\/#primaryimage"},"thumbnailUrl":"https:\/\/www.tva-international.it\/app\/uploads\/2022\/11\/bonus-patente-giovani.jpg","datePublished":"2022-11-16T14:00:03+00:00","dateModified":"2023-09-26T21:47:02+00:00","breadcrumb":{"@id":"https:\/\/www.tva-international.it\/de\/news\/carenza-autisti-bonus-patente-per-i-giovani\/#breadcrumb"},"inLanguage":"de","potentialAction":[{"@type":"ReadAction","target":["https:\/\/www.tva-international.it\/de\/news\/carenza-autisti-bonus-patente-per-i-giovani\/"]}]},{"@type":"ImageObject","inLanguage":"de","@id":"https:\/\/www.tva-international.it\/de\/news\/carenza-autisti-bonus-patente-per-i-giovani\/#primaryimage","url":"https:\/\/www.tva-international.it\/app\/uploads\/2022\/11\/bonus-patente-giovani.jpg","contentUrl":"https:\/\/www.tva-international.it\/app\/uploads\/2022\/11\/bonus-patente-giovani.jpg","width":792,"height":509},{"@type":"BreadcrumbList","@id":"https:\/\/www.tva-international.it\/de\/news\/carenza-autisti-bonus-patente-per-i-giovani\/#breadcrumb","itemListElement":[{"@type":"ListItem","position":1,"name":"Home","item":"https:\/\/www.tva-international.it\/de\/"},{"@type":"ListItem","position":2,"name":"Fahrermangel: F\u00fchrerscheinbonus f\u00fcr Jugendliche"}]},{"@type":"WebSite","@id":"https:\/\/www.tva-international.it\/de\/#website","url":"https:\/\/www.tva-international.it\/de\/","name":"TVA International","description":"Gestione delle pratiche e degli adempimenti necessari per il recupero dell\u2019IVA e delle ACCISE","publisher":{"@id":"https:\/\/www.tva-international.it\/de\/#organization"},"alternateName":"TVA","potentialAction":[{"@type":"SearchAction","target":{"@type":"EntryPoint","urlTemplate":"https:\/\/www.tva-international.it\/de\/?s={search_term_string}"},"query-input":{"@type":"PropertyValueSpecification","valueRequired":true,"valueName":"search_term_string"}}],"inLanguage":"de"},{"@type":"Organization","@id":"https:\/\/www.tva-international.it\/de\/#organization","name":"TVA International","alternateName":"TVA","url":"https:\/\/www.tva-international.it\/de\/","logo":{"@type":"ImageObject","inLanguage":"de","@id":"https:\/\/www.tva-international.it\/de\/#\/schema\/logo\/image\/","url":"https:\/\/www.tva-international.it\/app\/uploads\/2023\/09\/tva-696x696-1.jpg","contentUrl":"https:\/\/www.tva-international.it\/app\/uploads\/2023\/09\/tva-696x696-1.jpg","width":696,"height":696,"caption":"TVA International"},"image":{"@id":"https:\/\/www.tva-international.it\/de\/#\/schema\/logo\/image\/"}},{"@type":"Person","@id":"https:\/\/www.tva-international.it\/de\/#\/schema\/person\/45d884c76814b1cc4c726bf798a1eb0b","name":"Rita","image":{"@type":"ImageObject","inLanguage":"de","@id":"https:\/\/www.tva-international.it\/de\/#\/schema\/person\/image\/","url":"https:\/\/secure.gravatar.com\/avatar\/eaf961e8190d6d0120c08d6072295731f94aba695e80ef7d58f475cc6a1edac9?s=96&d=mm&r=g","contentUrl":"https:\/\/secure.gravatar.com\/avatar\/eaf961e8190d6d0120c08d6072295731f94aba695e80ef7d58f475cc6a1edac9?s=96&d=mm&r=g","caption":"Rita"}}]}},"_links":{"self":[{"href":"https:\/\/www.tva-international.it\/de\/wp-json\/wp\/v2\/posts\/2448","targetHints":{"allow":["GET"]}}],"collection":[{"href":"https:\/\/www.tva-international.it\/de\/wp-json\/wp\/v2\/posts"}],"about":[{"href":"https:\/\/www.tva-international.it\/de\/wp-json\/wp\/v2\/types\/post"}],"author":[{"embeddable":true,"href":"https:\/\/www.tva-international.it\/de\/wp-json\/wp\/v2\/users\/3"}],"replies":[{"embeddable":true,"href":"https:\/\/www.tva-international.it\/de\/wp-json\/wp\/v2\/comments?post=2448"}],"version-history":[{"count":1,"href":"https:\/\/www.tva-international.it\/de\/wp-json\/wp\/v2\/posts\/2448\/revisions"}],"predecessor-version":[{"id":2458,"href":"https:\/\/www.tva-international.it\/de\/wp-json\/wp\/v2\/posts\/2448\/revisions\/2458"}],"wp:featuredmedia":[{"embeddable":true,"href":"https:\/\/www.tva-international.it\/de\/wp-json\/wp\/v2\/media\/1019"}],"wp:attachment":[{"href":"https:\/\/www.tva-international.it\/de\/wp-json\/wp\/v2\/media?parent=2448"}],"wp:term":[{"taxonomy":"category","embeddable":true,"href":"https:\/\/www.tva-international.it\/de\/wp-json\/wp\/v2\/categories?post=2448"},{"taxonomy":"post_tag","embeddable":true,"href":"https:\/\/www.tva-international.it\/de\/wp-json\/wp\/v2\/tags?post=2448"}],"curies":[{"name":"wp","href":"https:\/\/api.w.org\/{rel}","templated":true}]}}